{"id":1039,"date":"2024-01-02T11:08:30","date_gmt":"2024-01-02T10:08:30","guid":{"rendered":"https:\/\/archive-argealp.eu\/archivio-di-stato-di-trento\/"},"modified":"2025-03-27T15:08:51","modified_gmt":"2025-03-27T14:08:51","slug":"archivio-di-stato-di-trento","status":"publish","type":"post","link":"https:\/\/archive-argealp.eu\/it\/archivio-di-stato-di-trento\/","title":{"rendered":"Archivio di Stato di Trento"},"content":{"rendered":"\t\t<div data-elementor-type=\"wp-post\" data-elementor-id=\"1039\" class=\"elementor elementor-1039 elementor-540\" data-elementor-post-type=\"post\">\n\t\t\t\t<div class=\"elementor-element elementor-element-3246a47 e-flex e-con-boxed e-con e-parent\" data-id=\"3246a47\" data-element_type=\"container\" data-e-type=\"container\">\n\t\t\t\t\t<div class=\"e-con-inner\">\n\t\t<div class=\"elementor-element elementor-element-eef24e4 e-con-full e-flex e-con e-child\" data-id=\"eef24e4\" data-element_type=\"container\" data-e-type=\"container\">\n\t\t<div class=\"elementor-element elementor-element-a1cde6f e-con-full e-flex e-con e-child\" data-id=\"a1cde6f\" data-element_type=\"container\" data-e-type=\"container\" data-settings=\"{&quot;background_background&quot;:&quot;classic&quot;}\">\n\t\t\t\t<div class=\"elementor-element elementor-element-89fd0f8 elementor-widget elementor-widget-heading\" data-id=\"89fd0f8\" data-element_type=\"widget\" data-e-type=\"widget\" data-widget_type=\"heading.default\">\n\t\t\t\t<div class=\"elementor-widget-container\">\n\t\t\t\t\t<h2 class=\"elementor-heading-title elementor-size-default\">Contatto<\/h2>\t\t\t\t<\/div>\n\t\t\t\t<\/div>\n\t\t\t\t<div class=\"elementor-element elementor-element-cf8f2dc elementor-icon-list--layout-traditional elementor-list-item-link-full_width elementor-widget elementor-widget-icon-list\" data-id=\"cf8f2dc\" data-element_type=\"widget\" data-e-type=\"widget\" data-widget_type=\"icon-list.default\">\n\t\t\t\t<div class=\"elementor-widget-container\">\n\t\t\t\t\t\t\t<ul class=\"elementor-icon-list-items\">\n\t\t\t\t\t\t\t<li class=\"elementor-icon-list-item\">\n\t\t\t\t\t\t\t\t\t\t\t<a href=\"https:\/\/www.google.at\/maps\/place\/Archivio+di+Stato+-+Trento\/@46.0883472,11.1070966,17z\/data=!3m1!4b1!4m6!3m5!1s0x478271205155b601:0x4e37bb4839b8d12c!8m2!3d46.0883435!4d11.1096715!16s%2Fg%2F1td57grf?entry=ttu\" target=\"_blank\" rel=\"noopener\">\n\n\t\t\t\t\t\t\t\t\t\t\t\t<span class=\"elementor-icon-list-icon\">\n\t\t\t\t\t\t\t<svg aria-hidden=\"true\" class=\"e-font-icon-svg e-fas-map-marker-alt\" viewBox=\"0 0 384 512\" xmlns=\"http:\/\/www.w3.org\/2000\/svg\"><path d=\"M172.268 501.67C26.97 291.031 0 269.413 0 192 0 85.961 85.961 0 192 0s192 85.961 192 192c0 77.413-26.97 99.031-172.268 309.67-9.535 13.774-29.93 13.773-39.464 0zM192 272c44.183 0 80-35.817 80-80s-35.817-80-80-80-80 35.817-80 80 35.817 80 80 80z\"><\/path><\/svg>\t\t\t\t\t\t<\/span>\n\t\t\t\t\t\t\t\t\t\t<span class=\"elementor-icon-list-text\">Via Maestri del Lavoro 5, <br>38121 Trento (Italia)<\/span>\n\t\t\t\t\t\t\t\t\t\t\t<\/a>\n\t\t\t\t\t\t\t\t\t<\/li>\n\t\t\t\t\t\t\t\t<li class=\"elementor-icon-list-item\">\n\t\t\t\t\t\t\t\t\t\t\t<a href=\"mailto:%20as-tn@cultura.gov.it\">\n\n\t\t\t\t\t\t\t\t\t\t\t\t<span class=\"elementor-icon-list-icon\">\n\t\t\t\t\t\t\t<svg aria-hidden=\"true\" class=\"e-font-icon-svg e-fas-envelope\" viewBox=\"0 0 512 512\" xmlns=\"http:\/\/www.w3.org\/2000\/svg\"><path d=\"M502.3 190.8c3.9-3.1 9.7-.2 9.7 4.7V400c0 26.5-21.5 48-48 48H48c-26.5 0-48-21.5-48-48V195.6c0-5 5.7-7.8 9.7-4.7 22.4 17.4 52.1 39.5 154.1 113.6 21.1 15.4 56.7 47.8 92.2 47.6 35.7.3 72-32.8 92.3-47.6 102-74.1 131.6-96.3 154-113.7zM256 320c23.2.4 56.6-29.2 73.4-41.4 132.7-96.3 142.8-104.7 173.4-128.7 5.8-4.5 9.2-11.5 9.2-18.9v-19c0-26.5-21.5-48-48-48H48C21.5 64 0 85.5 0 112v19c0 7.4 3.4 14.3 9.2 18.9 30.6 23.9 40.7 32.4 173.4 128.7 16.8 12.2 50.2 41.8 73.4 41.4z\"><\/path><\/svg>\t\t\t\t\t\t<\/span>\n\t\t\t\t\t\t\t\t\t\t<span class=\"elementor-icon-list-text\">as-tn@cultura.gov.it<\/span>\n\t\t\t\t\t\t\t\t\t\t\t<\/a>\n\t\t\t\t\t\t\t\t\t<\/li>\n\t\t\t\t\t\t\t\t<li class=\"elementor-icon-list-item\">\n\t\t\t\t\t\t\t\t\t\t\t<a href=\"tel:%20+39%200461%20829008\">\n\n\t\t\t\t\t\t\t\t\t\t\t\t<span class=\"elementor-icon-list-icon\">\n\t\t\t\t\t\t\t<svg aria-hidden=\"true\" class=\"e-font-icon-svg e-fas-phone-alt\" viewBox=\"0 0 512 512\" xmlns=\"http:\/\/www.w3.org\/2000\/svg\"><path d=\"M497.39 361.8l-112-48a24 24 0 0 0-28 6.9l-49.6 60.6A370.66 370.66 0 0 1 130.6 204.11l60.6-49.6a23.94 23.94 0 0 0 6.9-28l-48-112A24.16 24.16 0 0 0 122.6.61l-104 24A24 24 0 0 0 0 48c0 256.5 207.9 464 464 464a24 24 0 0 0 23.4-18.6l24-104a24.29 24.29 0 0 0-14.01-27.6z\"><\/path><\/svg>\t\t\t\t\t\t<\/span>\n\t\t\t\t\t\t\t\t\t\t<span class=\"elementor-icon-list-text\">+39 0461 829008<\/span>\n\t\t\t\t\t\t\t\t\t\t\t<\/a>\n\t\t\t\t\t\t\t\t\t<\/li>\n\t\t\t\t\t\t\t\t<li class=\"elementor-icon-list-item\">\n\t\t\t\t\t\t\t\t\t\t\t<a href=\"https:\/\/archiviodistatotrento.cultura.gov.it\" target=\"_blank\" rel=\"noopener\">\n\n\t\t\t\t\t\t\t\t\t\t\t\t<span class=\"elementor-icon-list-icon\">\n\t\t\t\t\t\t\t<i aria-hidden=\"true\" class=\"icon icon-internet\"><\/i>\t\t\t\t\t\t<\/span>\n\t\t\t\t\t\t\t\t\t\t<span class=\"elementor-icon-list-text\">www.archiviodistatotrento.<br>cultura.gov.it <\/span>\n\t\t\t\t\t\t\t\t\t\t\t<\/a>\n\t\t\t\t\t\t\t\t\t<\/li>\n\t\t\t\t\t\t<\/ul>\n\t\t\t\t\t\t<\/div>\n\t\t\t\t<\/div>\n\t\t\t\t<\/div>\n\t\t\t\t<\/div>\n\t\t<div class=\"elementor-element elementor-element-3bbee6f e-con-full e-flex e-con e-child\" data-id=\"3bbee6f\" data-element_type=\"container\" data-e-type=\"container\">\n\t\t\t\t<div class=\"elementor-element elementor-element-c80c927 elementor-widget elementor-widget-text-editor\" data-id=\"c80c927\" data-element_type=\"widget\" data-e-type=\"widget\" data-widget_type=\"text-editor.default\">\n\t\t\t\t<div class=\"elementor-widget-container\">\n\t\t\t\t\t\t\t\t\t<p>L\u2019Archivio di Stato di Trento, formalmente istituito con Regio Decreto n. 1630 del 13 aprile 1926, apr\u00ec al pubblico gi\u00e0 nel corso del 1920, subito dopo la separazione territoriale dall\u2019Austria al termine della Prima guerra mondiale e la successiva annessione al Regno d\u2019Italia. In tale contesto, l\u2019avvenuta restituzione da parte dell\u2019Austria di una considerevole quantit\u00e0 di documenti spettanti all\u2019Italia, in base all&#8217;art. 93 del Trattato di pace di Saint Germain del 10 settembre 1919 e al principio archivistico di provenienza, rese necessaria la rapida creazione di un istituto archivistico di conservazione. Tra la documentazione che ritorn\u00f2 a Trento spicca, in particolare, lo spezzone d&#8217;archivio relativo a documentazione proveniente dall&#8217;archivio segreto vescovile e dalla cancelleria del Principato vescovile di Trento, di datazione compresa tra il 1027 e il 1803, anno della formale secolarizzazione del Principato e della sua annessione alla provincia del Tirolo. <\/p>\n<p>L\u2019Archivio di Stato di Trento attualmente conserva la documentazione archivistica appartenente alle istituzioni e agli uffici di Antico regime, quella proveniente dai governi che si succedettero nel periodo napoleonico, i fondi archivistici degli uffici statati periferici pre-unitari e post-unitari che ebbero sede nel territorio dell\u2019attuale provincia di Trento, nonch\u00e9 archivi di enti pubblici, di famiglie, di persone, di associazioni e di altri organismi che rivestono un interesse storico particolarmente importante.<\/p>\n<p>Nel 1998, in attuazione della normativa di autonomia della Provincia autonoma di Trento, in forza del decreto legislativo n. 506 del 15 dicembre 1998, allegato A, sono stati trasferiti &#8220;in custodia e manutenzione&#8221; all&#8217;Archivio provinciale di Trento i seguenti fondi archivistici: archivi dei comuni, Catasti antichi, Catasto teresiano, Mappe (di campagna, catastali, napoleoniche), Libri di archiviazione, Congregazione di carit\u00e0 di Trento, Istituto delle Laste, Corporazioni di arti e mestieri, Ordini e congregazioni religiose, Confraternite, Ferrovie e tramvie elettriche trentine, Giovent\u00f9 italiana del littorio poi Ufficio provinciale di Trento del Commissariato per la giovent\u00f9 italiana, Partito liberale italiano, Pergamene delle comunit\u00e0, Pergamene e carte trentine, Stato civile del Cantone di Pergine e del Comune di Pin\u00e9.<\/p>\n<p>Dalla sua nascita fino al 1991 l&#8217;Archivio di Stato di Trento ha avuto sede in un palazzo storico nel centro della citt\u00e0, costruito nel 1649, ove fu collocato dapprima il Collegio dei padri gesuiti fino al 1773 e, in seguito, il Seminario diocesano fino al 1908, anno in cui l\u2019immobile fu acquistato dal Comune di Trento che vi ha successivamente posto la sede della Biblioteca comunale. A partire dal 1991 l&#8217;Archivio di Stato ha trovato \u201cprovvisoria\u201d collocazione nella zona nord della citt\u00e0.<\/p>\n\t\t\t\t\t\t\t\t<\/div>\n\t\t\t\t<\/div>\n\t\t\t\t<\/div>\n\t\t\t\t\t<\/div>\n\t\t\t\t<\/div>\n\t\t\t\t<\/div>\n\t\t","protected":false},"excerpt":{"rendered":"<p>Contatto Via Maestri del Lavoro 5, 38121 Trento (Italia) as-tn@cultura.gov.it +39 0461 829008 www.archiviodistatotrento.cultura.gov.it L\u2019Archivio di Stato di Trento, formalmente istituito con Regio Decreto n. 1630 del 13 aprile 1926, apr\u00ec al pubblico gi\u00e0 nel corso del 1920, subito dopo la separazione territoriale dall\u2019Austria al termine della Prima guerra mondiale e la successiva annessione al [&hellip;]<\/p>\n","protected":false},"author":1,"featured_media":1026,"comment_status":"open","ping_status":"open","sticky":false,"template":"","format":"standard","meta":{"footnotes":""},"categories":[1],"tags":[],"class_list":["post-1039","post","type-post","status-publish","format-standard","has-post-thumbnail","hentry","category-unkategorisiert"],"_links":{"self":[{"href":"https:\/\/archive-argealp.eu\/it\/wp-json\/wp\/v2\/posts\/1039","targetHints":{"allow":["GET"]}}],"collection":[{"href":"https:\/\/archive-argealp.eu\/it\/wp-json\/wp\/v2\/posts"}],"about":[{"href":"https:\/\/archive-argealp.eu\/it\/wp-json\/wp\/v2\/types\/post"}],"author":[{"embeddable":true,"href":"https:\/\/archive-argealp.eu\/it\/wp-json\/wp\/v2\/users\/1"}],"replies":[{"embeddable":true,"href":"https:\/\/archive-argealp.eu\/it\/wp-json\/wp\/v2\/comments?post=1039"}],"version-history":[{"count":5,"href":"https:\/\/archive-argealp.eu\/it\/wp-json\/wp\/v2\/posts\/1039\/revisions"}],"predecessor-version":[{"id":1944,"href":"https:\/\/archive-argealp.eu\/it\/wp-json\/wp\/v2\/posts\/1039\/revisions\/1944"}],"wp:featuredmedia":[{"embeddable":true,"href":"https:\/\/archive-argealp.eu\/it\/wp-json\/wp\/v2\/media\/1026"}],"wp:attachment":[{"href":"https:\/\/archive-argealp.eu\/it\/wp-json\/wp\/v2\/media?parent=1039"}],"wp:term":[{"taxonomy":"category","embeddable":true,"href":"https:\/\/archive-argealp.eu\/it\/wp-json\/wp\/v2\/categories?post=1039"},{"taxonomy":"post_tag","embeddable":true,"href":"https:\/\/archive-argealp.eu\/it\/wp-json\/wp\/v2\/tags?post=1039"}],"curies":[{"name":"wp","href":"https:\/\/api.w.org\/{rel}","templated":true}]}}