{"id":1052,"date":"2024-01-02T11:08:19","date_gmt":"2024-01-02T10:08:19","guid":{"rendered":"https:\/\/archive-argealp.eu\/archivio-provinciale-di-trento\/"},"modified":"2024-03-26T10:27:03","modified_gmt":"2024-03-26T09:27:03","slug":"archivio-provinciale-di-trento","status":"publish","type":"post","link":"https:\/\/archive-argealp.eu\/it\/archivio-provinciale-di-trento\/","title":{"rendered":"Archivio provinciale di Trento"},"content":{"rendered":"\t\t<div data-elementor-type=\"wp-post\" data-elementor-id=\"1052\" class=\"elementor elementor-1052 elementor-538\" data-elementor-post-type=\"post\">\n\t\t\t\t<div class=\"elementor-element elementor-element-3ce9208 e-flex e-con-boxed e-con e-parent\" data-id=\"3ce9208\" data-element_type=\"container\" data-e-type=\"container\">\n\t\t\t\t\t<div class=\"e-con-inner\">\n\t\t<div class=\"elementor-element elementor-element-ea5abbb e-con-full e-flex e-con e-child\" data-id=\"ea5abbb\" data-element_type=\"container\" data-e-type=\"container\">\n\t\t<div class=\"elementor-element elementor-element-041b5da e-con-full e-flex e-con e-child\" data-id=\"041b5da\" data-element_type=\"container\" data-e-type=\"container\" data-settings=\"{&quot;background_background&quot;:&quot;classic&quot;}\">\n\t\t\t\t<div class=\"elementor-element elementor-element-da4ff46 elementor-widget elementor-widget-heading\" data-id=\"da4ff46\" data-element_type=\"widget\" data-e-type=\"widget\" data-widget_type=\"heading.default\">\n\t\t\t\t<div class=\"elementor-widget-container\">\n\t\t\t\t\t<h2 class=\"elementor-heading-title elementor-size-default\">Contatto<\/h2>\t\t\t\t<\/div>\n\t\t\t\t<\/div>\n\t\t\t\t<div class=\"elementor-element elementor-element-95d6849 elementor-icon-list--layout-traditional elementor-list-item-link-full_width elementor-widget elementor-widget-icon-list\" data-id=\"95d6849\" data-element_type=\"widget\" data-e-type=\"widget\" data-widget_type=\"icon-list.default\">\n\t\t\t\t<div class=\"elementor-widget-container\">\n\t\t\t\t\t\t\t<ul class=\"elementor-icon-list-items\">\n\t\t\t\t\t\t\t<li class=\"elementor-icon-list-item\">\n\t\t\t\t\t\t\t\t\t\t\t<a href=\"https:\/\/www.google.at\/maps\/place\/Archivio+Provinciale\/@46.0881985,11.1065123,17z\/data=!3m1!4b1!4m6!3m5!1s0x47827121b547d5e5:0x526ae6927f9a061!8m2!3d46.0881948!4d11.1090872!16s%2Fg%2F11gbz0s1w5?entry=ttu\" target=\"_blank\" rel=\"noopener\">\n\n\t\t\t\t\t\t\t\t\t\t\t\t<span class=\"elementor-icon-list-icon\">\n\t\t\t\t\t\t\t<svg aria-hidden=\"true\" class=\"e-font-icon-svg e-fas-map-marker-alt\" viewBox=\"0 0 384 512\" xmlns=\"http:\/\/www.w3.org\/2000\/svg\"><path d=\"M172.268 501.67C26.97 291.031 0 269.413 0 192 0 85.961 85.961 0 192 0s192 85.961 192 192c0 77.413-26.97 99.031-172.268 309.67-9.535 13.774-29.93 13.773-39.464 0zM192 272c44.183 0 80-35.817 80-80s-35.817-80-80-80-80 35.817-80 80 35.817 80 80 80z\"><\/path><\/svg>\t\t\t\t\t\t<\/span>\n\t\t\t\t\t\t\t\t\t\t<span class=\"elementor-icon-list-text\">Via Maestri del Lavoro 24, <br>38121 Trento (Italia)<\/span>\n\t\t\t\t\t\t\t\t\t\t\t<\/a>\n\t\t\t\t\t\t\t\t\t<\/li>\n\t\t\t\t\t\t\t\t<li class=\"elementor-icon-list-item\">\n\t\t\t\t\t\t\t\t\t\t\t<a href=\"mailto:%20archivio.provinciale@provincia.tn.it\">\n\n\t\t\t\t\t\t\t\t\t\t\t\t<span class=\"elementor-icon-list-icon\">\n\t\t\t\t\t\t\t<svg aria-hidden=\"true\" class=\"e-font-icon-svg e-fas-envelope\" viewBox=\"0 0 512 512\" xmlns=\"http:\/\/www.w3.org\/2000\/svg\"><path d=\"M502.3 190.8c3.9-3.1 9.7-.2 9.7 4.7V400c0 26.5-21.5 48-48 48H48c-26.5 0-48-21.5-48-48V195.6c0-5 5.7-7.8 9.7-4.7 22.4 17.4 52.1 39.5 154.1 113.6 21.1 15.4 56.7 47.8 92.2 47.6 35.7.3 72-32.8 92.3-47.6 102-74.1 131.6-96.3 154-113.7zM256 320c23.2.4 56.6-29.2 73.4-41.4 132.7-96.3 142.8-104.7 173.4-128.7 5.8-4.5 9.2-11.5 9.2-18.9v-19c0-26.5-21.5-48-48-48H48C21.5 64 0 85.5 0 112v19c0 7.4 3.4 14.3 9.2 18.9 30.6 23.9 40.7 32.4 173.4 128.7 16.8 12.2 50.2 41.8 73.4 41.4z\"><\/path><\/svg>\t\t\t\t\t\t<\/span>\n\t\t\t\t\t\t\t\t\t\t<span class=\"elementor-icon-list-text\">archivio.provinciale@provincia.tn.it<\/span>\n\t\t\t\t\t\t\t\t\t\t\t<\/a>\n\t\t\t\t\t\t\t\t\t<\/li>\n\t\t\t\t\t\t\t\t<li class=\"elementor-icon-list-item\">\n\t\t\t\t\t\t\t\t\t\t\t<a href=\"tel:%20+39%200461%20499709\">\n\n\t\t\t\t\t\t\t\t\t\t\t\t<span class=\"elementor-icon-list-icon\">\n\t\t\t\t\t\t\t<svg aria-hidden=\"true\" class=\"e-font-icon-svg e-fas-phone-alt\" viewBox=\"0 0 512 512\" xmlns=\"http:\/\/www.w3.org\/2000\/svg\"><path d=\"M497.39 361.8l-112-48a24 24 0 0 0-28 6.9l-49.6 60.6A370.66 370.66 0 0 1 130.6 204.11l60.6-49.6a23.94 23.94 0 0 0 6.9-28l-48-112A24.16 24.16 0 0 0 122.6.61l-104 24A24 24 0 0 0 0 48c0 256.5 207.9 464 464 464a24 24 0 0 0 23.4-18.6l24-104a24.29 24.29 0 0 0-14.01-27.6z\"><\/path><\/svg>\t\t\t\t\t\t<\/span>\n\t\t\t\t\t\t\t\t\t\t<span class=\"elementor-icon-list-text\">+39 0461 499709<\/span>\n\t\t\t\t\t\t\t\t\t\t\t<\/a>\n\t\t\t\t\t\t\t\t\t<\/li>\n\t\t\t\t\t\t\t\t<li class=\"elementor-icon-list-item\">\n\t\t\t\t\t\t\t\t\t\t\t<a href=\"https:\/\/www.cultura.trentino.it\/Luoghi\/Tutti-i-luoghi-della-cultura\/Archivi\/Archivio-provinciale-di-Trento\" target=\"_blank\" rel=\"noopener\">\n\n\t\t\t\t\t\t\t\t\t\t\t\t<span class=\"elementor-icon-list-icon\">\n\t\t\t\t\t\t\t<i aria-hidden=\"true\" class=\"icon icon-internet\"><\/i>\t\t\t\t\t\t<\/span>\n\t\t\t\t\t\t\t\t\t\t<span class=\"elementor-icon-list-text\">hwww.cultura.trentino.it\/Luoghi\/Tutti-i-luoghi-della-cultura\/Archivi\/Archivio-provinciale-di-Trento<\/span>\n\t\t\t\t\t\t\t\t\t\t\t<\/a>\n\t\t\t\t\t\t\t\t\t<\/li>\n\t\t\t\t\t\t<\/ul>\n\t\t\t\t\t\t<\/div>\n\t\t\t\t<\/div>\n\t\t\t\t<\/div>\n\t\t\t\t<\/div>\n\t\t<div class=\"elementor-element elementor-element-d842e52 e-con-full e-flex e-con e-child\" data-id=\"d842e52\" data-element_type=\"container\" data-e-type=\"container\">\n\t\t\t\t<div class=\"elementor-element elementor-element-12d47ab elementor-widget elementor-widget-text-editor\" data-id=\"12d47ab\" data-element_type=\"widget\" data-e-type=\"widget\" data-widget_type=\"text-editor.default\">\n\t\t\t\t<div class=\"elementor-widget-container\">\n\t\t\t\t\t\t\t\t\t<p><strong>Presentazione<\/strong><\/p>\n<p>L&#8217;Archivio provinciale di Trento, istituito con legge provinciale 14.02.1992, n. 11 Disposizioni in materia di archivi e istituzione dell\u2019Archivio provinciale di Trento, si configura quale \u201carchivio dell\u2019autonomia e della memoria del Trentino\u201c (legge provinciale 17 febbraio 2003, n. 1 Nuove disposizioni in materia di beni culturali e ss.mm.).<\/p>\n<p>L\u2019Archivio esercita funzioni di conservazione e valorizzazione e garantisce la pubblica fruizione della documentazione storica prodotta non solo dall\u2019ente Provincia autonoma di Trento (Giunta provinciale e strutture da essa dipendenti) ma anche da varie tipologie di soggetti, pubblici e privati, che operano o hanno operato nel corso dei secoli sul territorio trentino.<\/p>\n<p>All\u2019istituto sono assegnate inoltre competenze di archivio generale di deposito e di sorveglianza sull\u2019archivio corrente cartaceo e digitale degli uffici provinciali, in particolare il servizio per la tenuta del protocollo informatico e della gestione dei flussi documentali e per la conservazione digitale dei documenti.<\/p>\n<p>L\u2019Archivio conserva fondi e documentazione delle strutture provinciali, inclusi quelli ereditati da preesistenti uffici statali e\/o regionali per passaggi di competenze, fondi di enti o di uffici periferici di enti nazionali soppressi, che operavano in funzioni nelle quali la Provincia \u00e8 subentrata per competenza, archivi scolastici, di aziende di promozione turistica, di associazioni, enti, imprese e studi professionali, di famiglie e persone. <\/p>\n<p>Sulla base delle norme di attuazione dello Statuto speciale di autonomia (D.P.R. 690\/1970, da ultimo modificato con D.Lgs. 506\/1998) all\u2019Archivio sono stati assegnati in custodia e manutenzione vari fondi dell\u2019Archivio di Stato di Trento, fra i quali si segnalano i catasti, i libri di archiviazione, documentazione di comuni trentini, uno spezzone della Congregazione di carit\u00e0 di Trento, lo Stato civile di epoca napoleonica.<\/p>\n<p>A gennaio 2024 il patrimonio ammonta a circa 13.000 metri lineari, di cui 7.500 conservati nella sede principale e circa 5.500 in altri depositi; l\u2019arco cronologico data a partire dal sec. XIII fino al XX, mentre il documento originale pi\u00f9 antico risale al 1239.<\/p>\n<p>Nel corso degli anni l\u2019Archivio ha curato numerosi progetti di individuazione e riproduzione di fonti documentarie di interesse trentino presenti in istituti italiani e stranieri, mettendo a disposizione degli utenti della sala studio documenti (su microfilm o in immagine digitale) provenienti fra l\u2019altro dall\u2019Archivio Segreto Vaticano, dall\u2019Archivio Diocesano di Feltre, dalla Fondazione d\u2019Arco di Mantova, dal Tiroler Landesarchiv di Innsbruck, dal Kriegsarchiv di Vienna, dall\u2019Archivio di Stato di Litom\u011b\u0159ice-sezione di D\u011b\u010d\u00edn. <\/p>\n<p>Dal 1995 l\u2019Archivio \u00e8 aperto al pubblico, per 30 ore settimanali; dalla sede originaria di Via Melta n. 22-24 l\u2019istituto si \u00e8 trasferito nel 2013 nell\u2019edificio di Via Maestri del lavoro, dove dispone di una sala di lettura (fornita di biblioteca specializzata in archivistica e biblioteconomia), uffici per il personale, locali per la riproduzione e la digitalizzazione, depositi per il materiale archivistico e un laboratorio di restauro. <\/p>\n<p>Nel <a href=\"https:\/\/www.cultura.trentino.it\/archivistorici\/inventari\/online\" target=\"_blank\" rel=\"noopener\">portale Cultura Trentino<\/a> sono pubblicati inventari, elenchi e regesti.<\/p>\n<p><strong>Fondi archivistici transnazionali<\/strong><\/p>\n<p>All\u2019interno dei fondi conservati in Archivio si possono individuare documenti\/nuclei documentari fonti di interesse per altre regioni: Eine Auswahl finden Sie an dieser Stelle verlinkt. <\/p>\n<ul>\n<li>Istituto degli esposti, delle partorienti e dell&#8217;istruzione delle mammane alle Laste presso Trento\n<ul>\n<li><a href=\"https:\/\/www.cultura.trentino.it\/archivistorici\/inventari\/260011\" target=\"_blank\" rel=\"noopener\">https:\/\/www.cultura.trentino.it\/archivistorici\/inventari\/260011<\/a><\/li>\n<\/ul>\n<\/li>\n<li>Libri di archiviazione\n<ul>\n<li><a href=\"https:\/\/www.cultura.trentino.it\/archivistorici\/inventari\/257677\" target=\"_blank\" rel=\"noopener\">https:\/\/www.cultura.trentino.it\/archivistorici\/inventari\/257677<\/a><\/li>\n<\/ul>\n<\/li>\n<li>Amministrazioni forestali di Trento\n<ul>\n<li><a href=\"https:\/\/www.cultura.trentino.it\/archivistorici\/inventari\/749881\" target=\"_blank\" rel=\"noopener\">https:\/\/www.cultura.trentino.it\/archivistorici\/inventari\/749881<\/a><\/li>\n<\/ul>\n<\/li>\n<li>Ispettorato provinciale dell&#8217;agricoltura di Trento\n<ul>\n<li><a href=\"https:\/\/www.cultura.trentino.it\/archivistorici\/inventari\/1643848\" target=\"_blank\" rel=\"noopener\">https:\/\/www.cultura.trentino.it\/archivistorici\/inventari\/1643848<\/a><\/li>\n<\/ul>\n<\/li>\n<li>Opera nazionale assistenza infanzia regioni di confine (ONAIRC)\n<ul>\n<li><a href=\"https:\/\/www.cultura.trentino.it\/archivistorici\/inventari\/1643855\" target=\"_blank\" rel=\"noopener\">https:\/\/www.cultura.trentino.it\/archivistorici\/inventari\/1643855<\/a><\/li>\n<\/ul>\n<\/li>\n<li>Ente nazionale per l&#8217;addestramento dei lavoratori del commercio (ENALC) \u2013 Direzione regionale per il Trentino-Alto Adige\n<ul>\n<li><a href=\"https:\/\/www.cultura.trentino.it\/archivistorici\/inventari\/553281\" target=\"_blank\" rel=\"noopener\">https:\/\/www.cultura.trentino.it\/archivistorici\/inventari\/553281<\/a><\/li>\n<\/ul>\n<\/li>\n<li>Famiglia conti Thun, linea di Castel Thun\n<ul>\n<li><a href=\"https:\/\/www.cultura.trentino.it\/archivistorici\/inventari\/767261\" target=\"_blank\" rel=\"noopener\">https:\/\/www.cultura.trentino.it\/archivistorici\/inventari\/767261<\/a><\/li>\n<\/ul>\n<\/li>\n<li>Famiglia d\u2019Anna\n<ul>\n<li><a href=\"https:\/\/www.cultura.trentino.it\/archivistorici\/inventari\/4921355\" target=\"_blank\" rel=\"noopener\">https:\/\/www.cultura.trentino.it\/archivistorici\/inventari\/4921355<\/a><\/li>\n<\/ul>\n<\/li>\n<li>Famiglia conti Spaur, linea di Castel Valer\n<ul>\n<li><a href=\"https:\/\/www.cultura.trentino.it\/archivistorici\/inventari\/486002\" target=\"_blank\" rel=\"noopener\">https:\/\/www.cultura.trentino.it\/archivistorici\/inventari\/486002<\/a><\/li>\n<\/ul>\n<\/li>\n<li>\u2022 Famiglia conti Spaur, linea di Mezzolombardo\n<ul>\n<li>inventario in corso di elaborazione<\/li>\n<\/ul>\n<\/li>\n<\/ul>\n\t\t\t\t\t\t\t\t<\/div>\n\t\t\t\t<\/div>\n\t\t\t\t<\/div>\n\t\t\t\t\t<\/div>\n\t\t\t\t<\/div>\n\t\t\t\t<\/div>\n\t\t","protected":false},"excerpt":{"rendered":"<p>Contatto Via Maestri del Lavoro 24, 38121 Trento (Italia) archivio.provinciale@provincia.tn.it +39 0461 499709 hwww.cultura.trentino.it\/Luoghi\/Tutti-i-luoghi-della-cultura\/Archivi\/Archivio-provinciale-di-Trento Presentazione L&#8217;Archivio provinciale di Trento, istituito con legge provinciale 14.02.1992, n. 11 Disposizioni in materia di archivi e istituzione dell\u2019Archivio provinciale di Trento, si configura quale \u201carchivio dell\u2019autonomia e della memoria del Trentino\u201c (legge provinciale 17 febbraio 2003, n. 1 Nuove [&hellip;]<\/p>\n","protected":false},"author":1,"featured_media":1042,"comment_status":"open","ping_status":"open","sticky":false,"template":"","format":"standard","meta":{"footnotes":""},"categories":[10],"tags":[],"class_list":["post-1052","post","type-post","status-publish","format-standard","has-post-thumbnail","hentry","category-non-categorizzato"],"_links":{"self":[{"href":"https:\/\/archive-argealp.eu\/it\/wp-json\/wp\/v2\/posts\/1052","targetHints":{"allow":["GET"]}}],"collection":[{"href":"https:\/\/archive-argealp.eu\/it\/wp-json\/wp\/v2\/posts"}],"about":[{"href":"https:\/\/archive-argealp.eu\/it\/wp-json\/wp\/v2\/types\/post"}],"author":[{"embeddable":true,"href":"https:\/\/archive-argealp.eu\/it\/wp-json\/wp\/v2\/users\/1"}],"replies":[{"embeddable":true,"href":"https:\/\/archive-argealp.eu\/it\/wp-json\/wp\/v2\/comments?post=1052"}],"version-history":[{"count":3,"href":"https:\/\/archive-argealp.eu\/it\/wp-json\/wp\/v2\/posts\/1052\/revisions"}],"predecessor-version":[{"id":1369,"href":"https:\/\/archive-argealp.eu\/it\/wp-json\/wp\/v2\/posts\/1052\/revisions\/1369"}],"wp:featuredmedia":[{"embeddable":true,"href":"https:\/\/archive-argealp.eu\/it\/wp-json\/wp\/v2\/media\/1042"}],"wp:attachment":[{"href":"https:\/\/archive-argealp.eu\/it\/wp-json\/wp\/v2\/media?parent=1052"}],"wp:term":[{"taxonomy":"category","embeddable":true,"href":"https:\/\/archive-argealp.eu\/it\/wp-json\/wp\/v2\/categories?post=1052"},{"taxonomy":"post_tag","embeddable":true,"href":"https:\/\/archive-argealp.eu\/it\/wp-json\/wp\/v2\/tags?post=1052"}],"curies":[{"name":"wp","href":"https:\/\/api.w.org\/{rel}","templated":true}]}}