{"id":1092,"date":"2024-01-02T11:07:42","date_gmt":"2024-01-02T10:07:42","guid":{"rendered":"https:\/\/archive-argealp.eu\/archivio-di-stato-di-bolzano\/"},"modified":"2025-03-27T15:09:59","modified_gmt":"2025-03-27T14:09:59","slug":"archivio-di-stato-di-bolzano","status":"publish","type":"post","link":"https:\/\/archive-argealp.eu\/it\/archivio-di-stato-di-bolzano\/","title":{"rendered":"Archivio di Stato di Bolzano"},"content":{"rendered":"\t\t<div data-elementor-type=\"wp-post\" data-elementor-id=\"1092\" class=\"elementor elementor-1092 elementor-532\" data-elementor-post-type=\"post\">\n\t\t\t\t<div class=\"elementor-element elementor-element-0958c3b e-flex e-con-boxed e-con e-parent\" data-id=\"0958c3b\" data-element_type=\"container\" data-e-type=\"container\">\n\t\t\t\t\t<div class=\"e-con-inner\">\n\t\t<div class=\"elementor-element elementor-element-317a55d e-con-full e-flex e-con e-child\" data-id=\"317a55d\" data-element_type=\"container\" data-e-type=\"container\">\n\t\t<div class=\"elementor-element elementor-element-44484af e-con-full e-flex e-con e-child\" data-id=\"44484af\" data-element_type=\"container\" data-e-type=\"container\" data-settings=\"{&quot;background_background&quot;:&quot;classic&quot;}\">\n\t\t\t\t<div class=\"elementor-element elementor-element-f1fddb0 elementor-widget elementor-widget-heading\" data-id=\"f1fddb0\" data-element_type=\"widget\" data-e-type=\"widget\" data-widget_type=\"heading.default\">\n\t\t\t\t<div class=\"elementor-widget-container\">\n\t\t\t\t\t<h2 class=\"elementor-heading-title elementor-size-default\">Contatto<\/h2>\t\t\t\t<\/div>\n\t\t\t\t<\/div>\n\t\t\t\t<div class=\"elementor-element elementor-element-67b78ba elementor-icon-list--layout-traditional elementor-list-item-link-full_width elementor-widget elementor-widget-icon-list\" data-id=\"67b78ba\" data-element_type=\"widget\" data-e-type=\"widget\" data-widget_type=\"icon-list.default\">\n\t\t\t\t<div class=\"elementor-widget-container\">\n\t\t\t\t\t\t\t<ul class=\"elementor-icon-list-items\">\n\t\t\t\t\t\t\t<li class=\"elementor-icon-list-item\">\n\t\t\t\t\t\t\t\t\t\t\t<a href=\"https:\/\/www.google.at\/maps\/place\/Archivio+Di+Stato\/@46.5031215,11.338237,17z\/data=!3m1!4b1!4m6!3m5!1s0x47829e863793c983:0x920b9a0b2edfa7bb!8m2!3d46.5031179!4d11.3431079!16s%2Fg%2F1td08t35?entry=ttu\" target=\"_blank\" rel=\"noopener\">\n\n\t\t\t\t\t\t\t\t\t\t\t\t<span class=\"elementor-icon-list-icon\">\n\t\t\t\t\t\t\t<svg aria-hidden=\"true\" class=\"e-font-icon-svg e-fas-map-marker-alt\" viewBox=\"0 0 384 512\" xmlns=\"http:\/\/www.w3.org\/2000\/svg\"><path d=\"M172.268 501.67C26.97 291.031 0 269.413 0 192 0 85.961 85.961 0 192 0s192 85.961 192 192c0 77.413-26.97 99.031-172.268 309.67-9.535 13.774-29.93 13.773-39.464 0zM192 272c44.183 0 80-35.817 80-80s-35.817-80-80-80-80 35.817-80 80 35.817 80 80 80z\"><\/path><\/svg>\t\t\t\t\t\t<\/span>\n\t\t\t\t\t\t\t\t\t\t<span class=\"elementor-icon-list-text\">Via Armando Diaz 8\/B, <br>39100 Bolzano (Italia)<\/span>\n\t\t\t\t\t\t\t\t\t\t\t<\/a>\n\t\t\t\t\t\t\t\t\t<\/li>\n\t\t\t\t\t\t\t\t<li class=\"elementor-icon-list-item\">\n\t\t\t\t\t\t\t\t\t\t\t<a href=\"mailto:%20as-bz@cultura.gov.it\">\n\n\t\t\t\t\t\t\t\t\t\t\t\t<span class=\"elementor-icon-list-icon\">\n\t\t\t\t\t\t\t<svg aria-hidden=\"true\" class=\"e-font-icon-svg e-fas-envelope\" viewBox=\"0 0 512 512\" xmlns=\"http:\/\/www.w3.org\/2000\/svg\"><path d=\"M502.3 190.8c3.9-3.1 9.7-.2 9.7 4.7V400c0 26.5-21.5 48-48 48H48c-26.5 0-48-21.5-48-48V195.6c0-5 5.7-7.8 9.7-4.7 22.4 17.4 52.1 39.5 154.1 113.6 21.1 15.4 56.7 47.8 92.2 47.6 35.7.3 72-32.8 92.3-47.6 102-74.1 131.6-96.3 154-113.7zM256 320c23.2.4 56.6-29.2 73.4-41.4 132.7-96.3 142.8-104.7 173.4-128.7 5.8-4.5 9.2-11.5 9.2-18.9v-19c0-26.5-21.5-48-48-48H48C21.5 64 0 85.5 0 112v19c0 7.4 3.4 14.3 9.2 18.9 30.6 23.9 40.7 32.4 173.4 128.7 16.8 12.2 50.2 41.8 73.4 41.4z\"><\/path><\/svg>\t\t\t\t\t\t<\/span>\n\t\t\t\t\t\t\t\t\t\t<span class=\"elementor-icon-list-text\">as-bz@cultura.gov.it<\/span>\n\t\t\t\t\t\t\t\t\t\t\t<\/a>\n\t\t\t\t\t\t\t\t\t<\/li>\n\t\t\t\t\t\t\t\t<li class=\"elementor-icon-list-item\">\n\t\t\t\t\t\t\t\t\t\t\t<a href=\"tel:%20+39%200471%20264295\">\n\n\t\t\t\t\t\t\t\t\t\t\t\t<span class=\"elementor-icon-list-icon\">\n\t\t\t\t\t\t\t<svg aria-hidden=\"true\" class=\"e-font-icon-svg e-fas-phone-alt\" viewBox=\"0 0 512 512\" xmlns=\"http:\/\/www.w3.org\/2000\/svg\"><path d=\"M497.39 361.8l-112-48a24 24 0 0 0-28 6.9l-49.6 60.6A370.66 370.66 0 0 1 130.6 204.11l60.6-49.6a23.94 23.94 0 0 0 6.9-28l-48-112A24.16 24.16 0 0 0 122.6.61l-104 24A24 24 0 0 0 0 48c0 256.5 207.9 464 464 464a24 24 0 0 0 23.4-18.6l24-104a24.29 24.29 0 0 0-14.01-27.6z\"><\/path><\/svg>\t\t\t\t\t\t<\/span>\n\t\t\t\t\t\t\t\t\t\t<span class=\"elementor-icon-list-text\">+39 0471 264295<\/span>\n\t\t\t\t\t\t\t\t\t\t\t<\/a>\n\t\t\t\t\t\t\t\t\t<\/li>\n\t\t\t\t\t\t\t\t<li class=\"elementor-icon-list-item\">\n\t\t\t\t\t\t\t\t\t\t\t<a href=\"https:\/\/www.archiviodistatobolzano.beniculturali.it\" target=\"_blank\" rel=\"noopener\">\n\n\t\t\t\t\t\t\t\t\t\t\t\t<span class=\"elementor-icon-list-icon\">\n\t\t\t\t\t\t\t<i aria-hidden=\"true\" class=\"icon icon-internet\"><\/i>\t\t\t\t\t\t<\/span>\n\t\t\t\t\t\t\t\t\t\t<span class=\"elementor-icon-list-text\">www.archiviodistatobolzano.<br>beniculturali.it<\/span>\n\t\t\t\t\t\t\t\t\t\t\t<\/a>\n\t\t\t\t\t\t\t\t\t<\/li>\n\t\t\t\t\t\t<\/ul>\n\t\t\t\t\t\t<\/div>\n\t\t\t\t<\/div>\n\t\t\t\t<\/div>\n\t\t\t\t<\/div>\n\t\t<div class=\"elementor-element elementor-element-c047b0a e-con-full e-flex e-con e-child\" data-id=\"c047b0a\" data-element_type=\"container\" data-e-type=\"container\">\n\t\t\t\t<div class=\"elementor-element elementor-element-0d3d855 elementor-widget elementor-widget-text-editor\" data-id=\"0d3d855\" data-element_type=\"widget\" data-e-type=\"widget\" data-widget_type=\"text-editor.default\">\n\t\t\t\t<div class=\"elementor-widget-container\">\n\t\t\t\t\t\t\t\t\t<p><strong>Presentazione<\/strong><\/p>\n<p>L&#8217;istituzione dell&#8217;Archivio di Stato di Bolzano avvenne nel contesto del passaggio al Regno d&#8217;Italia del territorio situato a sud del Brennero ed appartenente all\u2019ex Kronland Tirolo e Vorarlberg, cos\u00ec come sancito dal Trattato di Saint Germain.<\/p>\n<p>L&#8217;Archivio di Stato di Bolzano nacque nel 1921 come Sezione dell&#8217;Archivio di Stato di Trento e fu elevato, con Regio Decreto 2 giugno 1930, n. 862, al rango di Archivio di Stato autonomo con competenza su tutta la Provincia di Bolzano, istituita nel 1927. Come primo direttore fu nominato Leo Santifaller (1921-1927), sudtirolese che pi\u00f9 tardi copr\u00ec gli incarichi di presidente dell'&#8221;Institut f\u00fcr \u00d6sterreichische Geschichtsforschung&#8221; e di direttore generale dell&#8217;Archivio di Stato austriaco a Vienna.<\/p>\n<p>Il materiale che Leo Santifaller prese in consegna per l\u2019istituzione del giovane Archivio di Stato era costituito in gran parte da quei documenti che, in base alla Convenzione stipulata il 4 maggio 1920 tra i rappresentanti del Governo Italiano e quello austriaco in applicazione degli artt.191-196 del Trattato di Saint Germain, furono assegnati all\u2019Italia secondo il principio di provenienza,e che al tempo si trovavano presso l&#8217;Archivio provinciale di Innsbruck e l&#8217;Archivio di Stato di Vienna. Il fondo storicamente pi\u00f9 interessante \u00e8 costituito da quella porzione di documenti dell&#8217;Archivio del Principato vescovile di Bressanone che dopo la secolarizzazione del 1803 era stata incamerata dalle autorit\u00e0 statali. Il patrimonio fu successivamente implementato grazie ai versamenti e ai depositi previsti dalla normativa specifica e provenienti dagli uffici periferici statali.<\/p>\n<p>La prima sede dell\u2019Archivio di Stato di Bolzano era situata a Castel Mareccio. L\u2019imponente maniero risalente ai secoli XIII e XVI caratterizza a tutt&#8217;oggi l&#8217;assetto urbano di Bolzano, ma era luogo poco adatto per la conservazione di materiale archivistico e dovette essere chiuso al pubblico nel 1965. L\u2019ubicazione della nuova sede segu\u00ec poi strettamente le vicende storico-istituzionali che coinvolsero il territorio: la legge 11 marzo 1972, n. 118, che sanc\u00ec la delega di ampie competenze statali alla Provincia Autonoma di Bolzano, al Titolo II prevedeva sia la ripartizione dei fondi dell&#8217;Archivio di Stato tra Provincia Autonoma e Stato secondo il principio dell\u2019interesse storico locale, sia l&#8217;istituzione di un Archivio provinciale, depositario dei fondi cos\u00ec ripartiti e di quelli provenienti dagli uffici provinciali. L&#8217;Amministrazione si dichiar\u00f2 pertanto disposta a costruire un edificio che comprendesse l&#8217;Archivio provinciale e l\u2019Archivio di Stato, la cui sede dal 1985 si trova al primo piano dell\u2019edificio di via A. Diaz, in regime di concessione. <\/p>\n<p>Il decreto del Presidente della Repubblica n. 1409 del 30 settembre 1963 riform\u00f2 in modo profondo l&#8217;organizzazione dell&#8217;amministrazione archivistica e degli Archivi di Stato, che allora dipendevano dal Ministero dell\u2019Interno; in particolare, l\u2019art. 14 prevedeva l&#8217;istituzione di Scuole archivistiche presso 17 Archivi di Stato, tra cui anche Bolzano. I corsi, di durata biennale, rilasciano il diploma di Archivista e abilitano all&#8217;accesso al pubblico impiego nell\u2019ambito archivistico.<\/p>\n<p>Dal 1975 l&#8217;Archivio di Stato dipende dal Ministero della Cultura, ed \u00e8 sottoposto alla Direzione Generale Archivi di Roma. Al momento conserva ca. 4000 metri lineari di materiale archivistico che documenta ben dodici secoli di storia, e che pertiene per lo pi\u00f9 alla documentazione prodotta dagli uffici statali storicamente presenti sul territorio.<\/p>\n<\/p>\n<p><strong>Fondi archivistici transnazionali<\/strong><\/p>\n<p>L&#8217;Archivio di Stato conserva documentazione storica di varie istituzioni statali che esercitavano la loro competenza anche oltre i confini dell&#8217;attuale Provincia di Bolzano, secondo le ripartizioni storico-istituzionali che si succedettero nel tempo. In particolare, si richiama il caso del Principato vescovile di Bressanone: nella qualit\u00e0 di principe ecclesiastico il vescovo aveva sede e diritto di voto presso la Dieta imperiale, disponeva di una corte a Ratisbona e ricavava introiti dall&#8217;Ufficio di Teugen (Baviera). Facevano parte del territorio del Principato di Bressanone anche i giudizi di Fassa (Trentino) e di Anras (Tirolo). La diocesi di Bressanone comprendeva oltre alla Val Pusteria e la Val Isarco anche la Valle del Sill (Wipptal) fino ad Innsbruck, e la Valle dell&#8217;Inn da Finsterm\u00fcnz fino a Jenbach (Tirolo), nonch\u00e9 le parti di Livinallongo e Cortina d&#8217;Ampezzo (entrambi in Provincia di Belluno). Anche le circoscrizioni degli Uffici circolari, istituiti verso la met\u00e0 del secolo XVIII come uffici statali di livello intermedio, non coincidevano con i confini presenti: a titolo di esempio, all&#8217;Ufficio Circolare della Val Pusteria appartenevano sia il territorio del distretto di Lienz (Tirolo) che Livinallongo e Cortina d&#8217;Ampezzo (Provincia di Belluno), la Valle di Fassa (Trentino) dipendeva invece dall&#8217;Ufficio Circolare di Bolzano.<\/p>\n\t\t\t\t\t\t\t\t<\/div>\n\t\t\t\t<\/div>\n\t\t\t\t<\/div>\n\t\t\t\t\t<\/div>\n\t\t\t\t<\/div>\n\t\t\t\t<\/div>\n\t\t","protected":false},"excerpt":{"rendered":"<p>Contatto Via Armando Diaz 8\/B, 39100 Bolzano (Italia) as-bz@cultura.gov.it +39 0471 264295 www.archiviodistatobolzano.beniculturali.it Presentazione L&#8217;istituzione dell&#8217;Archivio di Stato di Bolzano avvenne nel contesto del passaggio al Regno d&#8217;Italia del territorio situato a sud del Brennero ed appartenente all\u2019ex Kronland Tirolo e Vorarlberg, cos\u00ec come sancito dal Trattato di Saint Germain. L&#8217;Archivio di Stato di Bolzano [&hellip;]<\/p>\n","protected":false},"author":1,"featured_media":1085,"comment_status":"open","ping_status":"open","sticky":false,"template":"","format":"standard","meta":{"footnotes":""},"categories":[1],"tags":[],"class_list":["post-1092","post","type-post","status-publish","format-standard","has-post-thumbnail","hentry","category-unkategorisiert"],"_links":{"self":[{"href":"https:\/\/archive-argealp.eu\/it\/wp-json\/wp\/v2\/posts\/1092","targetHints":{"allow":["GET"]}}],"collection":[{"href":"https:\/\/archive-argealp.eu\/it\/wp-json\/wp\/v2\/posts"}],"about":[{"href":"https:\/\/archive-argealp.eu\/it\/wp-json\/wp\/v2\/types\/post"}],"author":[{"embeddable":true,"href":"https:\/\/archive-argealp.eu\/it\/wp-json\/wp\/v2\/users\/1"}],"replies":[{"embeddable":true,"href":"https:\/\/archive-argealp.eu\/it\/wp-json\/wp\/v2\/comments?post=1092"}],"version-history":[{"count":7,"href":"https:\/\/archive-argealp.eu\/it\/wp-json\/wp\/v2\/posts\/1092\/revisions"}],"predecessor-version":[{"id":1950,"href":"https:\/\/archive-argealp.eu\/it\/wp-json\/wp\/v2\/posts\/1092\/revisions\/1950"}],"wp:featuredmedia":[{"embeddable":true,"href":"https:\/\/archive-argealp.eu\/it\/wp-json\/wp\/v2\/media\/1085"}],"wp:attachment":[{"href":"https:\/\/archive-argealp.eu\/it\/wp-json\/wp\/v2\/media?parent=1092"}],"wp:term":[{"taxonomy":"category","embeddable":true,"href":"https:\/\/archive-argealp.eu\/it\/wp-json\/wp\/v2\/categories?post=1092"},{"taxonomy":"post_tag","embeddable":true,"href":"https:\/\/archive-argealp.eu\/it\/wp-json\/wp\/v2\/tags?post=1092"}],"curies":[{"name":"wp","href":"https:\/\/api.w.org\/{rel}","templated":true}]}}