{"id":1121,"date":"2024-01-02T11:07:06","date_gmt":"2024-01-02T10:07:06","guid":{"rendered":"https:\/\/archive-argealp.eu\/archivio-di-stato-di-salisburgo\/"},"modified":"2024-03-07T14:39:33","modified_gmt":"2024-03-07T13:39:33","slug":"archivio-di-stato-di-salisburgo","status":"publish","type":"post","link":"https:\/\/archive-argealp.eu\/it\/archivio-di-stato-di-salisburgo\/","title":{"rendered":"Archivio di Stato di Salisburgo"},"content":{"rendered":"\t\t<div data-elementor-type=\"wp-post\" data-elementor-id=\"1121\" class=\"elementor elementor-1121 elementor-526\" data-elementor-post-type=\"post\">\n\t\t\t\t<div class=\"elementor-element elementor-element-0618713 e-flex e-con-boxed e-con e-parent\" data-id=\"0618713\" data-element_type=\"container\" data-e-type=\"container\">\n\t\t\t\t\t<div class=\"e-con-inner\">\n\t\t<div class=\"elementor-element elementor-element-0b38f18 e-con-full e-flex e-con e-child\" data-id=\"0b38f18\" data-element_type=\"container\" data-e-type=\"container\">\n\t\t<div class=\"elementor-element elementor-element-e04b3dd e-con-full e-flex e-con e-child\" data-id=\"e04b3dd\" data-element_type=\"container\" data-e-type=\"container\" data-settings=\"{&quot;background_background&quot;:&quot;classic&quot;}\">\n\t\t\t\t<div class=\"elementor-element elementor-element-f14e823 elementor-widget elementor-widget-heading\" data-id=\"f14e823\" data-element_type=\"widget\" data-e-type=\"widget\" data-widget_type=\"heading.default\">\n\t\t\t\t<div class=\"elementor-widget-container\">\n\t\t\t\t\t<h2 class=\"elementor-heading-title elementor-size-default\">Contatto<\/h2>\t\t\t\t<\/div>\n\t\t\t\t<\/div>\n\t\t\t\t<div class=\"elementor-element elementor-element-914cb30 elementor-icon-list--layout-traditional elementor-list-item-link-full_width elementor-widget elementor-widget-icon-list\" data-id=\"914cb30\" data-element_type=\"widget\" data-e-type=\"widget\" data-widget_type=\"icon-list.default\">\n\t\t\t\t<div class=\"elementor-widget-container\">\n\t\t\t\t\t\t\t<ul class=\"elementor-icon-list-items\">\n\t\t\t\t\t\t\t<li class=\"elementor-icon-list-item\">\n\t\t\t\t\t\t\t\t\t\t\t<a href=\"https:\/\/www.google.at\/maps\/place\/Salzburger+Landesarchiv\/@47.7889143,13.0592779,17z\/data=!3m2!4b1!5s0x477690ec4570ec45:0x565219fbf17f86f4!4m6!3m5!1s0x477690ec46a3bb9d:0xee11c1fcb6b348db!8m2!3d47.7889107!4d13.0618528!16s%2Fg%2F11c6dbtz5f?entry=ttu\" target=\"_blank\" rel=\"noopener\">\n\n\t\t\t\t\t\t\t\t\t\t\t\t<span class=\"elementor-icon-list-icon\">\n\t\t\t\t\t\t\t<svg aria-hidden=\"true\" class=\"e-font-icon-svg e-fas-map-marker-alt\" viewBox=\"0 0 384 512\" xmlns=\"http:\/\/www.w3.org\/2000\/svg\"><path d=\"M172.268 501.67C26.97 291.031 0 269.413 0 192 0 85.961 85.961 0 192 0s192 85.961 192 192c0 77.413-26.97 99.031-172.268 309.67-9.535 13.774-29.93 13.773-39.464 0zM192 272c44.183 0 80-35.817 80-80s-35.817-80-80-80-80 35.817-80 80 35.817 80 80 80z\"><\/path><\/svg>\t\t\t\t\t\t<\/span>\n\t\t\t\t\t\t\t\t\t\t<span class=\"elementor-icon-list-text\">Michael-Pacher-Stra\u00dfe 40, <br>5020 Salisburgo (Austria)<\/span>\n\t\t\t\t\t\t\t\t\t\t\t<\/a>\n\t\t\t\t\t\t\t\t\t<\/li>\n\t\t\t\t\t\t\t\t<li class=\"elementor-icon-list-item\">\n\t\t\t\t\t\t\t\t\t\t\t<a href=\"mailto:%20landesarchiv@salzburg.gv.at\">\n\n\t\t\t\t\t\t\t\t\t\t\t\t<span class=\"elementor-icon-list-icon\">\n\t\t\t\t\t\t\t<svg aria-hidden=\"true\" class=\"e-font-icon-svg e-fas-envelope\" viewBox=\"0 0 512 512\" xmlns=\"http:\/\/www.w3.org\/2000\/svg\"><path d=\"M502.3 190.8c3.9-3.1 9.7-.2 9.7 4.7V400c0 26.5-21.5 48-48 48H48c-26.5 0-48-21.5-48-48V195.6c0-5 5.7-7.8 9.7-4.7 22.4 17.4 52.1 39.5 154.1 113.6 21.1 15.4 56.7 47.8 92.2 47.6 35.7.3 72-32.8 92.3-47.6 102-74.1 131.6-96.3 154-113.7zM256 320c23.2.4 56.6-29.2 73.4-41.4 132.7-96.3 142.8-104.7 173.4-128.7 5.8-4.5 9.2-11.5 9.2-18.9v-19c0-26.5-21.5-48-48-48H48C21.5 64 0 85.5 0 112v19c0 7.4 3.4 14.3 9.2 18.9 30.6 23.9 40.7 32.4 173.4 128.7 16.8 12.2 50.2 41.8 73.4 41.4z\"><\/path><\/svg>\t\t\t\t\t\t<\/span>\n\t\t\t\t\t\t\t\t\t\t<span class=\"elementor-icon-list-text\"> landesarchiv@salzburg.gv.at<\/span>\n\t\t\t\t\t\t\t\t\t\t\t<\/a>\n\t\t\t\t\t\t\t\t\t<\/li>\n\t\t\t\t\t\t\t\t<li class=\"elementor-icon-list-item\">\n\t\t\t\t\t\t\t\t\t\t\t<a href=\"tel:%20+43%20662%208042%204521\">\n\n\t\t\t\t\t\t\t\t\t\t\t\t<span class=\"elementor-icon-list-icon\">\n\t\t\t\t\t\t\t<svg aria-hidden=\"true\" class=\"e-font-icon-svg e-fas-phone-alt\" viewBox=\"0 0 512 512\" xmlns=\"http:\/\/www.w3.org\/2000\/svg\"><path d=\"M497.39 361.8l-112-48a24 24 0 0 0-28 6.9l-49.6 60.6A370.66 370.66 0 0 1 130.6 204.11l60.6-49.6a23.94 23.94 0 0 0 6.9-28l-48-112A24.16 24.16 0 0 0 122.6.61l-104 24A24 24 0 0 0 0 48c0 256.5 207.9 464 464 464a24 24 0 0 0 23.4-18.6l24-104a24.29 24.29 0 0 0-14.01-27.6z\"><\/path><\/svg>\t\t\t\t\t\t<\/span>\n\t\t\t\t\t\t\t\t\t\t<span class=\"elementor-icon-list-text\">+43 662 8042 4521<\/span>\n\t\t\t\t\t\t\t\t\t\t\t<\/a>\n\t\t\t\t\t\t\t\t\t<\/li>\n\t\t\t\t\t\t\t\t<li class=\"elementor-icon-list-item\">\n\t\t\t\t\t\t\t\t\t\t\t<a href=\"http:\/\/www.salzburg.gv.at\/themen\/salzburg\/landesarchiv\" target=\"_blank\" rel=\"noopener\">\n\n\t\t\t\t\t\t\t\t\t\t\t\t<span class=\"elementor-icon-list-icon\">\n\t\t\t\t\t\t\t<i aria-hidden=\"true\" class=\"icon icon-internet\"><\/i>\t\t\t\t\t\t<\/span>\n\t\t\t\t\t\t\t\t\t\t<span class=\"elementor-icon-list-text\">www.salzburg.gv.at\/themen\/salzburg\/landesarchiv<\/span>\n\t\t\t\t\t\t\t\t\t\t\t<\/a>\n\t\t\t\t\t\t\t\t\t<\/li>\n\t\t\t\t\t\t<\/ul>\n\t\t\t\t\t\t<\/div>\n\t\t\t\t<\/div>\n\t\t\t\t<\/div>\n\t\t\t\t<\/div>\n\t\t<div class=\"elementor-element elementor-element-33e66ca e-con-full e-flex e-con e-child\" data-id=\"33e66ca\" data-element_type=\"container\" data-e-type=\"container\">\n\t\t\t\t<div class=\"elementor-element elementor-element-3840d53 elementor-widget elementor-widget-text-editor\" data-id=\"3840d53\" data-element_type=\"widget\" data-e-type=\"widget\" data-widget_type=\"text-editor.default\">\n\t\t\t\t<div class=\"elementor-widget-container\">\n\t\t\t\t\t\t\t\t\t<p><strong>La storia dell&#8217;archivio<\/strong><\/p>\n<p>L\u2019archivio di Stato di Salisburgo \u00e8 parte dell\u2019unit\u00e0 organizzativa del governo regionale di Salisburgo \u2013 fissata nella legge dell\u2019archivio, \u201eSalzburger Archivgesetz 2008\u201c. Ricovera circa 30.000 metri lineari di documenti fra il medioevo e il passato recente.<\/p>\n<p>Le radici di quest\u2018archivio arrivano fino all\u2019archivio di documenti medievali degli archi-vescovi. L\u2018archivio si trov\u00f2 nella residenza (\u201eResidenz\u201c) fino all\u2019Seicento, poi nella residenza nell\u2019edificio nuovo della residenza (\u201eResidenz-Neugeb\u00e4ude\u201c). Le guerre napoleoniche e i cambiamenti di governo all&#8217;inizio del XIX secolo portarono a grandi perdite: gli archivi pi\u00f9 antichi e preziosi furono inviati a Vienna e quelli dell&#8217;ex Rupertiwinkel di Salisburgo a Monaco. <\/p>\n<p>Colla fondazione della registratura centrale (\u201eZentralregistratur\u201c) nell\u2019anno di 1827 si poteva ricongiungere i fondi d\u2019archivio pi\u00f9 importanti che restavano ancora nell\u2019archivio. La storia propria dell\u2019archivio provinciale di Salsburgo vennero iniziata con un posto fisso di un archivista nell\u2019anno di 1875. Il \u201eReichsgauarchiv\u201c \u2013 come si chiamava l\u2019archivio di Stato durante il nazionalsocialismo \u2013 vennero alloggiato nel monastero St. Peter da 1941\/1942, confiscato dai nazionalsocialisti. L\u2018archivio di Stato restava in quel luogo anche dopo la restituzione dell\u2019edificio al convento dei Benedettini nell\u2019anno di 1945. La progettazione dell&#8217;attuale edificio dell&#8217;archivio in Michael-Pacher-Stra\u00dfe, inaugurato nel 1970, \u00e8 iniziata a met\u00e0 degli anni Sessanta.<\/p>\n<p>Attualmente l\u2019archivio di Stato di Salisburgo \u00e8 un\u2019istituzione al servizio della tutela della tradizione storica e della certezza del diritto.<\/p>\n<p>In qualit\u00e0 di un ente di documentazione centrale per la storia del Land Salisburgo, l\u2019archivio aquista dei fonti storici preziosi (immagini topografiche, disegni, mappe, fotografie, cartelloni et cetera) e assume dei lasciti rilevanti per la storia locale.<\/p>\n<p>Il laboratorio di restauro e la legatoria artigianale si occupano della conservazione dei fondi d\u2019archivio. Il laboratorio fotografico \u00e8 responsabile per fare delle riproduzioni per i clienti, per pubblicazioni e anche per proteggere i documenti d\u2019archivio pi\u00f9 compromessi.  La biblioteca dispone di un ampio patrimonio librario per la fornitura di letteratura scientifica specializzata. Secondo il regolamento di consegna obbligatoria la \u201eHandbibliothek \u201cdeve ricevere delle copie d\u2019obblighi di pubblicazioni tutte dalle case editrici salisburghesi e tutti pubblicati nel Land Salisburgo. La \u201eAmtsbibliothek\u201c \u00e8 responsabile per l\u2019acquisto e l\u2018amministrazione della intera letteratura specializzata che viene richiesta nel governo regionale di Salisburgo.<\/p>\n<p>Insieme al &#8220;Salzburger Bildungswerk&#8221; e all'&#8221;EuRegio Salzburg &#8211; Berchtesgadener Land &#8211; Traunstein&#8221;, l&#8217;archivio organizza due volte l&#8217;anno i cosiddetti seminari per cronisti, come ulteriore corso di formazione per i ricercatori di storia locale e per chiunque sia interessato alla storia locale e regionale.<\/p>\n<p>Nella serie di pubblicazioni \u201eSchriftenreihe des Salzburger Landesarchivs\u201c vengono pubblicati i risultati delle ricerche nei fondi d\u2019archivio. Cos\u00ec fanno disponibili ad un grande pubblico.<\/p>\n<\/p>\n<p><strong>Compendio dell&#8217;inventario per gruppi principali<\/strong><\/p>\n<p><span style=\"text-decoration: underline;\">Archivio storico (fino a 1945)<\/span><\/p>\n<ul>\n<li>documenti originali (circa da 1125 a 1900)<\/li>\n<li>libri e atti delle autorit\u00e0 centrali<\/li>\n<li>libri e atti delle istanze intermedie ed autorit\u00e0 inferiori<\/li>\n<li>capitolo del duomo<\/li>\n<li>Landschaft<\/li>\n<li>archivi nobiliari e privati<\/li>\n<li>archivi della citt\u00e0 ed archivi comunali<\/li>\n<li>archivi scolastici<\/li>\n<li>manoscritti<\/li>\n<li>archivio di mappe<\/li>\n<\/ul>\n<p><span style=\"text-decoration: underline;\">Registratura centrale (da 1945)<\/span><\/p>\n<ul>\n<li>\u2022 legislazione ed esecuzione del Land<\/li>\n<li>Bezirkshauptmannschaften<\/li>\n<li>amministrazione della giustizia<\/li>\n<\/ul>\n<p><span style=\"text-decoration: underline;\">Collezioni<\/span><\/p>\n<p>fotografie, inventario d\u2018arte, disegni, cartelloni, etc.<\/p>\n<p><span style=\"text-decoration: underline;\">Lasciti<\/span><\/p>\n\t\t\t\t\t\t\t\t<\/div>\n\t\t\t\t<\/div>\n\t\t\t\t<\/div>\n\t\t\t\t\t<\/div>\n\t\t\t\t<\/div>\n\t\t\t\t<\/div>\n\t\t","protected":false},"excerpt":{"rendered":"<p>Contatto Michael-Pacher-Stra\u00dfe 40, 5020 Salisburgo (Austria) landesarchiv@salzburg.gv.at +43 662 8042 4521 www.salzburg.gv.at\/themen\/salzburg\/landesarchiv La storia dell&#8217;archivio L\u2019archivio di Stato di Salisburgo \u00e8 parte dell\u2019unit\u00e0 organizzativa del governo regionale di Salisburgo \u2013 fissata nella legge dell\u2019archivio, \u201eSalzburger Archivgesetz 2008\u201c. Ricovera circa 30.000 metri lineari di documenti fra il medioevo e il passato recente. Le radici di quest\u2018archivio [&hellip;]<\/p>\n","protected":false},"author":1,"featured_media":1293,"comment_status":"open","ping_status":"open","sticky":false,"template":"","format":"standard","meta":{"footnotes":""},"categories":[10],"tags":[],"class_list":["post-1121","post","type-post","status-publish","format-standard","has-post-thumbnail","hentry","category-non-categorizzato"],"_links":{"self":[{"href":"https:\/\/archive-argealp.eu\/it\/wp-json\/wp\/v2\/posts\/1121","targetHints":{"allow":["GET"]}}],"collection":[{"href":"https:\/\/archive-argealp.eu\/it\/wp-json\/wp\/v2\/posts"}],"about":[{"href":"https:\/\/archive-argealp.eu\/it\/wp-json\/wp\/v2\/types\/post"}],"author":[{"embeddable":true,"href":"https:\/\/archive-argealp.eu\/it\/wp-json\/wp\/v2\/users\/1"}],"replies":[{"embeddable":true,"href":"https:\/\/archive-argealp.eu\/it\/wp-json\/wp\/v2\/comments?post=1121"}],"version-history":[{"count":1,"href":"https:\/\/archive-argealp.eu\/it\/wp-json\/wp\/v2\/posts\/1121\/revisions"}],"predecessor-version":[{"id":1122,"href":"https:\/\/archive-argealp.eu\/it\/wp-json\/wp\/v2\/posts\/1121\/revisions\/1122"}],"wp:featuredmedia":[{"embeddable":true,"href":"https:\/\/archive-argealp.eu\/it\/wp-json\/wp\/v2\/media\/1293"}],"wp:attachment":[{"href":"https:\/\/archive-argealp.eu\/it\/wp-json\/wp\/v2\/media?parent=1121"}],"wp:term":[{"taxonomy":"category","embeddable":true,"href":"https:\/\/archive-argealp.eu\/it\/wp-json\/wp\/v2\/categories?post=1121"},{"taxonomy":"post_tag","embeddable":true,"href":"https:\/\/archive-argealp.eu\/it\/wp-json\/wp\/v2\/tags?post=1121"}],"curies":[{"name":"wp","href":"https:\/\/api.w.org\/{rel}","templated":true}]}}