{"id":925,"date":"2024-01-02T11:09:01","date_gmt":"2024-01-02T10:09:01","guid":{"rendered":"https:\/\/archive-argealp.eu\/archivio-di-stato-del-cantone-zurigo\/"},"modified":"2024-03-14T14:54:19","modified_gmt":"2024-03-14T13:54:19","slug":"archivio-di-stato-del-cantone-zurigo","status":"publish","type":"post","link":"https:\/\/archive-argealp.eu\/it\/archivio-di-stato-del-cantone-zurigo\/","title":{"rendered":"Archivio di Stato del Cantone Zurigo"},"content":{"rendered":"\t\t<div data-elementor-type=\"wp-post\" data-elementor-id=\"925\" class=\"elementor elementor-925 elementor-546\" data-elementor-post-type=\"post\">\n\t\t\t\t<div class=\"elementor-element elementor-element-feece63 e-flex e-con-boxed e-con e-parent\" data-id=\"feece63\" data-element_type=\"container\" data-e-type=\"container\">\n\t\t\t\t\t<div class=\"e-con-inner\">\n\t\t<div class=\"elementor-element elementor-element-3ef16d5 e-con-full e-flex e-con e-child\" data-id=\"3ef16d5\" data-element_type=\"container\" data-e-type=\"container\">\n\t\t<div class=\"elementor-element elementor-element-beef08f e-con-full e-flex e-con e-child\" data-id=\"beef08f\" data-element_type=\"container\" data-e-type=\"container\" data-settings=\"{&quot;background_background&quot;:&quot;classic&quot;}\">\n\t\t\t\t<div class=\"elementor-element elementor-element-6f22cfd elementor-widget elementor-widget-heading\" data-id=\"6f22cfd\" data-element_type=\"widget\" data-e-type=\"widget\" data-widget_type=\"heading.default\">\n\t\t\t\t<div class=\"elementor-widget-container\">\n\t\t\t\t\t<h2 class=\"elementor-heading-title elementor-size-default\">Contatto<\/h2>\t\t\t\t<\/div>\n\t\t\t\t<\/div>\n\t\t\t\t<div class=\"elementor-element elementor-element-f5c6484 elementor-icon-list--layout-traditional elementor-list-item-link-full_width elementor-widget elementor-widget-icon-list\" data-id=\"f5c6484\" data-element_type=\"widget\" data-e-type=\"widget\" data-widget_type=\"icon-list.default\">\n\t\t\t\t<div class=\"elementor-widget-container\">\n\t\t\t\t\t\t\t<ul class=\"elementor-icon-list-items\">\n\t\t\t\t\t\t\t<li class=\"elementor-icon-list-item\">\n\t\t\t\t\t\t\t\t\t\t\t<a href=\"https:\/\/www.google.at\/maps\/place\/20,+Winterthurerstrasse+170,+8057+Z%C3%BCrich,+Schweiz\/@47.3970458,8.5443483,17z\/data=!3m1!4b1!4m6!3m5!1s0x47900a783601fc49:0xcc0460869c307966!8m2!3d47.3970422!4d8.5469232!16s%2Fg%2F1v1vc2y4?entry=ttu\" target=\"_blank\" rel=\"noopener\">\n\n\t\t\t\t\t\t\t\t\t\t\t\t<span class=\"elementor-icon-list-icon\">\n\t\t\t\t\t\t\t<svg aria-hidden=\"true\" class=\"e-font-icon-svg e-fas-map-marker-alt\" viewBox=\"0 0 384 512\" xmlns=\"http:\/\/www.w3.org\/2000\/svg\"><path d=\"M172.268 501.67C26.97 291.031 0 269.413 0 192 0 85.961 85.961 0 192 0s192 85.961 192 192c0 77.413-26.97 99.031-172.268 309.67-9.535 13.774-29.93 13.773-39.464 0zM192 272c44.183 0 80-35.817 80-80s-35.817-80-80-80-80 35.817-80 80 35.817 80 80 80z\"><\/path><\/svg>\t\t\t\t\t\t<\/span>\n\t\t\t\t\t\t\t\t\t\t<span class=\"elementor-icon-list-text\">Winterthurerstrasse 170, <br>8057 Zurigo (Svizzera)<\/span>\n\t\t\t\t\t\t\t\t\t\t\t<\/a>\n\t\t\t\t\t\t\t\t\t<\/li>\n\t\t\t\t\t\t\t\t<li class=\"elementor-icon-list-item\">\n\t\t\t\t\t\t\t\t\t\t\t<a href=\"mailto:%20staatsarchivzh@ji.zh.ch\">\n\n\t\t\t\t\t\t\t\t\t\t\t\t<span class=\"elementor-icon-list-icon\">\n\t\t\t\t\t\t\t<svg aria-hidden=\"true\" class=\"e-font-icon-svg e-fas-envelope\" viewBox=\"0 0 512 512\" xmlns=\"http:\/\/www.w3.org\/2000\/svg\"><path d=\"M502.3 190.8c3.9-3.1 9.7-.2 9.7 4.7V400c0 26.5-21.5 48-48 48H48c-26.5 0-48-21.5-48-48V195.6c0-5 5.7-7.8 9.7-4.7 22.4 17.4 52.1 39.5 154.1 113.6 21.1 15.4 56.7 47.8 92.2 47.6 35.7.3 72-32.8 92.3-47.6 102-74.1 131.6-96.3 154-113.7zM256 320c23.2.4 56.6-29.2 73.4-41.4 132.7-96.3 142.8-104.7 173.4-128.7 5.8-4.5 9.2-11.5 9.2-18.9v-19c0-26.5-21.5-48-48-48H48C21.5 64 0 85.5 0 112v19c0 7.4 3.4 14.3 9.2 18.9 30.6 23.9 40.7 32.4 173.4 128.7 16.8 12.2 50.2 41.8 73.4 41.4z\"><\/path><\/svg>\t\t\t\t\t\t<\/span>\n\t\t\t\t\t\t\t\t\t\t<span class=\"elementor-icon-list-text\">staatsarchivzh@ji.zh.ch<\/span>\n\t\t\t\t\t\t\t\t\t\t\t<\/a>\n\t\t\t\t\t\t\t\t\t<\/li>\n\t\t\t\t\t\t\t\t<li class=\"elementor-icon-list-item\">\n\t\t\t\t\t\t\t\t\t\t\t<a href=\"tel:%20+41%2043%20258%2050%2000\">\n\n\t\t\t\t\t\t\t\t\t\t\t\t<span class=\"elementor-icon-list-icon\">\n\t\t\t\t\t\t\t<svg aria-hidden=\"true\" class=\"e-font-icon-svg e-fas-phone-alt\" viewBox=\"0 0 512 512\" xmlns=\"http:\/\/www.w3.org\/2000\/svg\"><path d=\"M497.39 361.8l-112-48a24 24 0 0 0-28 6.9l-49.6 60.6A370.66 370.66 0 0 1 130.6 204.11l60.6-49.6a23.94 23.94 0 0 0 6.9-28l-48-112A24.16 24.16 0 0 0 122.6.61l-104 24A24 24 0 0 0 0 48c0 256.5 207.9 464 464 464a24 24 0 0 0 23.4-18.6l24-104a24.29 24.29 0 0 0-14.01-27.6z\"><\/path><\/svg>\t\t\t\t\t\t<\/span>\n\t\t\t\t\t\t\t\t\t\t<span class=\"elementor-icon-list-text\">+41 43 258 50 00<\/span>\n\t\t\t\t\t\t\t\t\t\t\t<\/a>\n\t\t\t\t\t\t\t\t\t<\/li>\n\t\t\t\t\t\t\t\t<li class=\"elementor-icon-list-item\">\n\t\t\t\t\t\t\t\t\t\t\t<a href=\"https:\/\/www.zh.ch\/staatsarchiv\" target=\"_blank\" rel=\"noopener\">\n\n\t\t\t\t\t\t\t\t\t\t\t\t<span class=\"elementor-icon-list-icon\">\n\t\t\t\t\t\t\t<i aria-hidden=\"true\" class=\"icon icon-internet\"><\/i>\t\t\t\t\t\t<\/span>\n\t\t\t\t\t\t\t\t\t\t<span class=\"elementor-icon-list-text\">www.zh.ch\/staatsarchiv<\/span>\n\t\t\t\t\t\t\t\t\t\t\t<\/a>\n\t\t\t\t\t\t\t\t\t<\/li>\n\t\t\t\t\t\t<\/ul>\n\t\t\t\t\t\t<\/div>\n\t\t\t\t<\/div>\n\t\t\t\t<\/div>\n\t\t\t\t<\/div>\n\t\t<div class=\"elementor-element elementor-element-b989b84 e-con-full e-flex e-con e-child\" data-id=\"b989b84\" data-element_type=\"container\" data-e-type=\"container\">\n\t\t\t\t<div class=\"elementor-element elementor-element-a792f5d elementor-widget elementor-widget-text-editor\" data-id=\"a792f5d\" data-element_type=\"widget\" data-e-type=\"widget\" data-widget_type=\"text-editor.default\">\n\t\t\t\t<div class=\"elementor-widget-container\">\n\t\t\t\t\t\t\t\t\t<p><strong>Presentazione<\/strong><\/p>\n<p>L&#8217;Archivio di Stato del Cantone di Zurigo \u00e8 l&#8217;archivio finale del Cantone di Zurigo e dei suoi organi: Consiglio cantonale (legislativo), Consiglio di Governo (esecutivo), direzioni (ministeri) con l&#8217;amministrazione centrale e la cancelleria di Stato, autorit\u00e0 regionali, uffici notarili, tribunali, istituzioni indipendenti di diritto pubblico).<\/p>\n<p>In quanto ufficio speciale, l&#8217;Archivio di Stato \u00e8 subordinato alla Direzione della Giustizia e degli Affari interni. In conformit\u00e0 con il suo mandato legale, valuta i documenti statali a partire dal 1803, prende in consegna, cataloga e conserva la parte di essi che \u00e8 degna di essere conservata in modo permanente e rende i file accessibili al pubblico. Come archivio storico, conserva anche i documenti dell&#8217;ex citt\u00e0-stato di Zurigo dal Medioevo al 1798 e del Cantone di Zurigo durante il periodo elvetico. I fondi sono completati da documenti di origine privata provenienti da aziende, associazioni, gilde, famiglie e individui.<\/p>\n<p>L&#8217;anno di fondazione dell&#8217;Archivio di Stato in senso moderno \u00e8 il 1837, quando lo storico Gerold Meyer von Knonau, eletto come successore del precedente conservatore, ricevette il titolo di &#8220;Archivista di Stato&#8221;. Contemporaneamente, nel 1837 inizi\u00f2 la fusione dei vari archivi speciali del Cantone e dei suoi predecessori giuridici statali ed ecclesiastici in un archivio centrale nel complesso edilizio di Fraum\u00fcnster.<\/p>\n<p>Il patrimonio dell&#8217;Archivio di Stato risale a pi\u00f9 di 1100 anni fa. Riflettono il ruolo di Zurigo come citt\u00e0 imperiale, periferia federale e centro della Riforma in epoca premoderna e come regione economicamente pi\u00f9 forte della Svizzera e centro finanziario di importanza internazionale in epoca moderna. Ci\u00f2 che \u00e8 notevole \u00e8 la continuit\u00e0 della tradizione, che dal tardo Medioevo \u00e8 in gran parte dovuta a condizioni politiche e territoriali stabili e al fatto che la citt\u00e0 \u00e8 stata evitata da grandi catastrofi e guerre. I documenti archivistici sono stati scambiati o estratti con i cantoni vicini di San Gallo, Sciaffusa e Turgovia nel 1803 in occasione della riorganizzazione della Svizzera, poi nel 1931 con l&#8217;Archivio dell&#8217;Abbazia di San Gallo, nel 1932 con l&#8217;Archivio di Stato generale di Karlsruhe, nel 1948 con l&#8217;Archivio di Stato del Cantone di Glarona e nel 1996 con l&#8217;Archivio comunale di Feldkirch.<\/p>\n<p>Una descrizione dettagliata dell&#8217;Archivio di Stato di Zurigo secondo l&#8217;ISDIAH \u00e8 disponibile nel catalogo degli archivi online a livello di <a href=\"https:\/\/suche.staatsarchiv.djiktzh.ch\/detail.aspx?id=1\" target=\"_blank\" rel=\"noopener\">archivio<\/a>. Il sito web e tutti i link qui forniti sono disponibili in tre lingue (tedesco, inglese e francese).<\/p>\n<\/p>\n<p><strong> <\/strong><\/p>\n<p><strong>Fondi archivistici transnazionali<\/strong><\/p>\n<p>Il principale strumento di reperimento dell&#8217;Archivio di Stato di Zurigo \u00e8 il <a href=\"https:\/\/suche.staatsarchiv.djiktzh.ch\" target=\"_blank\" rel=\"noopener\">catalogo archivistico online<\/a>, che fa riferimento anche a molti fondi che non riguardano solo l&#8217;attuale Cantone di Zurigo.<\/p>\n<p>A partire dal XV-XVI secolo, l&#8217;Archivio del Consiglio (Ratsarchiv) dell&#8217;ex citt\u00e0-stato contiene, tra l&#8217;altro, fascicoli organizzati geograficamente sulle <a href=\"https:\/\/suche.staatsarchiv.djiktzh.ch\/archivplansuche.aspx?ID=13309\" target=\"_blank\" rel=\"noopener\">relazioni con l&#8217;estero<\/a>.  A partire dal 1803, essi proseguono nei fondi degli <a href=\"https:\/\/suche.staatsarchiv.djiktzh.ch\/archivplansuche.aspx?ID=319598\" target=\"_blank\" rel=\"noopener\">Affari esteri<\/a>, che documentano la cosiddetta piccola politica estera del Cantone dopo la fondazione dello Stato federale nel 1848. I fondi dell&#8217;Archivio del Consiglio contengono la corrispondenza delle autorit\u00e0 straniere fino al 1798, compresa quella della Baviera, dell&#8217;Austria, del W\u00fcrttemberg, del Baden e delle istituzioni ecclesiastiche (Diocesi di Costanza, monasteri). Come controparte, le <a href=\"https:\/\/suche.staatsarchiv.djiktzh.ch\/archivplansuche.aspx?ID=236018\" target=\"_blank\" rel=\"noopener\">missive<\/a> contengono la corrispondenza delle autorit\u00e0 cittadine sotto forma di bozze o copie. I fascicoli del consiglio contengono anche documenti archiviati tematicamente, ad esempio sulla <a href=\"https:\/\/suche.staatsarchiv.djiktzh.ch\/archivplansuche.aspx?ID=189095\" target=\"_blank\" rel=\"noopener\">guerra sveva<\/a> del 1499, sulle <a href=\"https:\/\/suche.staatsarchiv.djiktzh.ch\/archivplansuche.aspx?ID=13312\" target=\"_blank\" rel=\"noopener\">guerre di Musso<\/a> o sul &#8220;<a href=\"https:\/\/suche.staatsarchiv.djiktzh.ch\/archivplansuche.aspx?ID=13318\" target=\"_blank\" rel=\"noopener\">Reislaufen<\/a>&#8221; (servizio militare).<\/p>\n<p>Anche a causa del ruolo di Zurigo come periferia federale fino al 1848, l&#8217;Archivio di Stato contiene un&#8217;ampia gamma di documenti relativi alla <a href=\"https:\/\/suche.staatsarchiv.djiktzh.ch\/archivplansuche.aspx?ID=13382\" target=\"_blank\" rel=\"noopener\">Dieta federale (eidgen\u00f6ssische Tagsatzung)<\/a> e alle <a href=\"https:\/\/suche.staatsarchiv.djiktzh.ch\/archivplansuche.aspx?ID=261241\" target=\"_blank\" rel=\"noopener\">risoluzioni adottate in tale sede,<\/a>nonch\u00e9 <a href=\"https:\/\/suche.staatsarchiv.djiktzh.ch\/archivplansuche.aspx?ID=13419\" target=\"_blank\" rel=\"noopener\">documenti<\/a> e <a href=\"https:\/\/suche.staatsarchiv.djiktzh.ch\/archivplansuche.aspx?ID=261238\" target=\"_blank\" rel=\"noopener\">volumi<\/a> sulle comuni signorie dell&#8217;Argovia, della Turgovia, del Sarganserland e del Ticino (ennetbirgische Vogteien), amministrate congiuntamente dalle localit\u00e0 della Confederazione fino al 1798.<\/p>\n<p>L&#8217;ampia <a href=\"https:\/\/suche.staatsarchiv.djiktzh.ch\/detail.aspx?id=308794\" target=\"_blank\" rel=\"noopener\">corrispondenza<\/a> tra i riformatori zurighesi, i capi della Chiesa e gli umanisti si estende ben oltre Zurigo. Dopo la Riforma, nel XVI secolo arrivarono in citt\u00e0 rifugiati religiosi, ad esempio dalla Valtellina e da <a href=\"https:\/\/suche.staatsarchiv.djiktzh.ch\/archivplansuche.aspx?ID=13513\" target=\"_blank\" rel=\"noopener\">Locarno<\/a>, e nel XVII secolo ugonotti e valdesi dal <a href=\"https:\/\/suche.staatsarchiv.djiktzh.ch\/archivplansuche.aspx?ID=13366\" target=\"_blank\" rel=\"noopener\">Piemonte<\/a>. Nel XIX secolo arrivarono anche liberali e insorti tedeschi dal Granducato di Baden e rifugiati civili durante la Seconda guerra mondiale, che furono registrati dalla polizia cantonale a scopo di identificazione (<a href=\"https:\/\/suche.staatsarchiv.djiktzh.ch\/detail.aspx?ID=349188\" target=\"_blank\" rel=\"noopener\">foto dei rifugiati<\/a>).<\/p>\n<p>L&#8217;Universit\u00e0 di Zurigo, fondata nel 1833, ha sempre avuto molti studenti stranieri, come documentato dai <a href=\"https:\/\/suche.staatsarchiv.djiktzh.ch\/archivplansuche.aspx?ID=657160\" target=\"_blank\" rel=\"noopener\">registri e dai documenti di iscrizione<\/a> &#8211; a partire dal 1867 anche studentesse che non potevano ancora studiare nel loro paese d&#8217;origine. La <a href=\"https:\/\/suche.staatsarchiv.djiktzh.ch\/detail.aspx?id=326427\" target=\"_blank\" rel=\"noopener\">Societ\u00e0 Antiquaria<\/a>, fondata nel 1832, documentava gli scavi archeologici in tutta la Svizzera, compresi quelli relativi alle ricerche sulle palafitte, e teneva una corrispondenza scientifica mondiale. Infine, vanno menzionati anche gli archivi della sezione Uto di Zurigo del Club Alpino Svizzero CAS, fondata nel 1863 e le cui attivit\u00e0 coprivano l&#8217;intero arco alpino.<\/p>\n\t\t\t\t\t\t\t\t<\/div>\n\t\t\t\t<\/div>\n\t\t\t\t<\/div>\n\t\t\t\t\t<\/div>\n\t\t\t\t<\/div>\n\t\t\t\t<\/div>\n\t\t","protected":false},"excerpt":{"rendered":"<p>Contatto Winterthurerstrasse 170, 8057 Zurigo (Svizzera) staatsarchivzh@ji.zh.ch +41 43 258 50 00 www.zh.ch\/staatsarchiv Presentazione L&#8217;Archivio di Stato del Cantone di Zurigo \u00e8 l&#8217;archivio finale del Cantone di Zurigo e dei suoi organi: Consiglio cantonale (legislativo), Consiglio di Governo (esecutivo), direzioni (ministeri) con l&#8217;amministrazione centrale e la cancelleria di Stato, autorit\u00e0 regionali, uffici notarili, tribunali, istituzioni [&hellip;]<\/p>\n","protected":false},"author":1,"featured_media":920,"comment_status":"open","ping_status":"open","sticky":false,"template":"","format":"standard","meta":{"footnotes":""},"categories":[10],"tags":[],"class_list":["post-925","post","type-post","status-publish","format-standard","has-post-thumbnail","hentry","category-non-categorizzato"],"_links":{"self":[{"href":"https:\/\/archive-argealp.eu\/it\/wp-json\/wp\/v2\/posts\/925","targetHints":{"allow":["GET"]}}],"collection":[{"href":"https:\/\/archive-argealp.eu\/it\/wp-json\/wp\/v2\/posts"}],"about":[{"href":"https:\/\/archive-argealp.eu\/it\/wp-json\/wp\/v2\/types\/post"}],"author":[{"embeddable":true,"href":"https:\/\/archive-argealp.eu\/it\/wp-json\/wp\/v2\/users\/1"}],"replies":[{"embeddable":true,"href":"https:\/\/archive-argealp.eu\/it\/wp-json\/wp\/v2\/comments?post=925"}],"version-history":[{"count":4,"href":"https:\/\/archive-argealp.eu\/it\/wp-json\/wp\/v2\/posts\/925\/revisions"}],"predecessor-version":[{"id":1188,"href":"https:\/\/archive-argealp.eu\/it\/wp-json\/wp\/v2\/posts\/925\/revisions\/1188"}],"wp:featuredmedia":[{"embeddable":true,"href":"https:\/\/archive-argealp.eu\/it\/wp-json\/wp\/v2\/media\/920"}],"wp:attachment":[{"href":"https:\/\/archive-argealp.eu\/it\/wp-json\/wp\/v2\/media?parent=925"}],"wp:term":[{"taxonomy":"category","embeddable":true,"href":"https:\/\/archive-argealp.eu\/it\/wp-json\/wp\/v2\/categories?post=925"},{"taxonomy":"post_tag","embeddable":true,"href":"https:\/\/archive-argealp.eu\/it\/wp-json\/wp\/v2\/tags?post=925"}],"curies":[{"name":"wp","href":"https:\/\/api.w.org\/{rel}","templated":true}]}}