{"id":939,"date":"2024-01-02T11:08:39","date_gmt":"2024-01-02T10:08:39","guid":{"rendered":"https:\/\/archive-argealp.eu\/archivio-di-stato-del-vorarlberg\/"},"modified":"2024-04-17T08:52:35","modified_gmt":"2024-04-17T06:52:35","slug":"archivio-di-stato-del-vorarlberg","status":"publish","type":"post","link":"https:\/\/archive-argealp.eu\/it\/archivio-di-stato-del-vorarlberg\/","title":{"rendered":"Archivio di Stato del Vorarlberg"},"content":{"rendered":"\t\t<div data-elementor-type=\"wp-post\" data-elementor-id=\"939\" class=\"elementor elementor-939 elementor-542\" data-elementor-post-type=\"post\">\n\t\t\t\t<div class=\"elementor-element elementor-element-3648ac5 e-flex e-con-boxed e-con e-parent\" data-id=\"3648ac5\" data-element_type=\"container\" data-e-type=\"container\">\n\t\t\t\t\t<div class=\"e-con-inner\">\n\t\t<div class=\"elementor-element elementor-element-1886de8 e-con-full e-flex e-con e-child\" data-id=\"1886de8\" data-element_type=\"container\" data-e-type=\"container\">\n\t\t<div class=\"elementor-element elementor-element-03ad1a5 e-con-full e-flex e-con e-child\" data-id=\"03ad1a5\" data-element_type=\"container\" data-e-type=\"container\" data-settings=\"{&quot;background_background&quot;:&quot;classic&quot;}\">\n\t\t\t\t<div class=\"elementor-element elementor-element-96024b1 elementor-widget elementor-widget-heading\" data-id=\"96024b1\" data-element_type=\"widget\" data-e-type=\"widget\" data-widget_type=\"heading.default\">\n\t\t\t\t<div class=\"elementor-widget-container\">\n\t\t\t\t\t<h2 class=\"elementor-heading-title elementor-size-default\">Contatto<\/h2>\t\t\t\t<\/div>\n\t\t\t\t<\/div>\n\t\t\t\t<div class=\"elementor-element elementor-element-729a43c elementor-icon-list--layout-traditional elementor-list-item-link-full_width elementor-widget elementor-widget-icon-list\" data-id=\"729a43c\" data-element_type=\"widget\" data-e-type=\"widget\" data-widget_type=\"icon-list.default\">\n\t\t\t\t<div class=\"elementor-widget-container\">\n\t\t\t\t\t\t\t<ul class=\"elementor-icon-list-items\">\n\t\t\t\t\t\t\t<li class=\"elementor-icon-list-item\">\n\t\t\t\t\t\t\t\t\t\t\t<a href=\"https:\/\/www.google.at\/maps\/place\/Vorarlberger+Landesarchiv\/@47.5006463,9.7435972,17z\/data=!3m1!4b1!4m6!3m5!1s0x479b12a3b3ebb4b5:0x41eb658f37f77a27!8m2!3d47.5006427!4d9.7461721!16s%2Fg%2F120ykp24?entry=ttu\" target=\"_blank\" rel=\"noopener\">\n\n\t\t\t\t\t\t\t\t\t\t\t\t<span class=\"elementor-icon-list-icon\">\n\t\t\t\t\t\t\t<svg aria-hidden=\"true\" class=\"e-font-icon-svg e-fas-map-marker-alt\" viewBox=\"0 0 384 512\" xmlns=\"http:\/\/www.w3.org\/2000\/svg\"><path d=\"M172.268 501.67C26.97 291.031 0 269.413 0 192 0 85.961 85.961 0 192 0s192 85.961 192 192c0 77.413-26.97 99.031-172.268 309.67-9.535 13.774-29.93 13.773-39.464 0zM192 272c44.183 0 80-35.817 80-80s-35.817-80-80-80-80 35.817-80 80 35.817 80 80 80z\"><\/path><\/svg>\t\t\t\t\t\t<\/span>\n\t\t\t\t\t\t\t\t\t\t<span class=\"elementor-icon-list-text\">Kirchstra\u00dfe 28, <br>6900 Bregenz (Austria)<\/span>\n\t\t\t\t\t\t\t\t\t\t\t<\/a>\n\t\t\t\t\t\t\t\t\t<\/li>\n\t\t\t\t\t\t\t\t<li class=\"elementor-icon-list-item\">\n\t\t\t\t\t\t\t\t\t\t\t<a href=\"mailto:%20landesarchiv@vorarlberg.at\">\n\n\t\t\t\t\t\t\t\t\t\t\t\t<span class=\"elementor-icon-list-icon\">\n\t\t\t\t\t\t\t<svg aria-hidden=\"true\" class=\"e-font-icon-svg e-fas-envelope\" viewBox=\"0 0 512 512\" xmlns=\"http:\/\/www.w3.org\/2000\/svg\"><path d=\"M502.3 190.8c3.9-3.1 9.7-.2 9.7 4.7V400c0 26.5-21.5 48-48 48H48c-26.5 0-48-21.5-48-48V195.6c0-5 5.7-7.8 9.7-4.7 22.4 17.4 52.1 39.5 154.1 113.6 21.1 15.4 56.7 47.8 92.2 47.6 35.7.3 72-32.8 92.3-47.6 102-74.1 131.6-96.3 154-113.7zM256 320c23.2.4 56.6-29.2 73.4-41.4 132.7-96.3 142.8-104.7 173.4-128.7 5.8-4.5 9.2-11.5 9.2-18.9v-19c0-26.5-21.5-48-48-48H48C21.5 64 0 85.5 0 112v19c0 7.4 3.4 14.3 9.2 18.9 30.6 23.9 40.7 32.4 173.4 128.7 16.8 12.2 50.2 41.8 73.4 41.4z\"><\/path><\/svg>\t\t\t\t\t\t<\/span>\n\t\t\t\t\t\t\t\t\t\t<span class=\"elementor-icon-list-text\">landesarchiv@vorarlberg.at<\/span>\n\t\t\t\t\t\t\t\t\t\t\t<\/a>\n\t\t\t\t\t\t\t\t\t<\/li>\n\t\t\t\t\t\t\t\t<li class=\"elementor-icon-list-item\">\n\t\t\t\t\t\t\t\t\t\t\t<a href=\"tel:%20+43%205574%2051%2045005\">\n\n\t\t\t\t\t\t\t\t\t\t\t\t<span class=\"elementor-icon-list-icon\">\n\t\t\t\t\t\t\t<svg aria-hidden=\"true\" class=\"e-font-icon-svg e-fas-phone-alt\" viewBox=\"0 0 512 512\" xmlns=\"http:\/\/www.w3.org\/2000\/svg\"><path d=\"M497.39 361.8l-112-48a24 24 0 0 0-28 6.9l-49.6 60.6A370.66 370.66 0 0 1 130.6 204.11l60.6-49.6a23.94 23.94 0 0 0 6.9-28l-48-112A24.16 24.16 0 0 0 122.6.61l-104 24A24 24 0 0 0 0 48c0 256.5 207.9 464 464 464a24 24 0 0 0 23.4-18.6l24-104a24.29 24.29 0 0 0-14.01-27.6z\"><\/path><\/svg>\t\t\t\t\t\t<\/span>\n\t\t\t\t\t\t\t\t\t\t<span class=\"elementor-icon-list-text\">+43 5574 51 45005<\/span>\n\t\t\t\t\t\t\t\t\t\t\t<\/a>\n\t\t\t\t\t\t\t\t\t<\/li>\n\t\t\t\t\t\t\t\t<li class=\"elementor-icon-list-item\">\n\t\t\t\t\t\t\t\t\t\t\t<a href=\"http:\/\/www.landesarchiv.at\" target=\"_blank\" rel=\"noopener\">\n\n\t\t\t\t\t\t\t\t\t\t\t\t<span class=\"elementor-icon-list-icon\">\n\t\t\t\t\t\t\t<i aria-hidden=\"true\" class=\"icon icon-internet\"><\/i>\t\t\t\t\t\t<\/span>\n\t\t\t\t\t\t\t\t\t\t<span class=\"elementor-icon-list-text\">www.landesarchiv.at<\/span>\n\t\t\t\t\t\t\t\t\t\t\t<\/a>\n\t\t\t\t\t\t\t\t\t<\/li>\n\t\t\t\t\t\t<\/ul>\n\t\t\t\t\t\t<\/div>\n\t\t\t\t<\/div>\n\t\t\t\t<\/div>\n\t\t\t\t<\/div>\n\t\t<div class=\"elementor-element elementor-element-1be6c9f e-con-full e-flex e-con e-child\" data-id=\"1be6c9f\" data-element_type=\"container\" data-e-type=\"container\">\n\t\t\t\t<div class=\"elementor-element elementor-element-37f96eb elementor-widget elementor-widget-text-editor\" data-id=\"37f96eb\" data-element_type=\"widget\" data-e-type=\"widget\" data-widget_type=\"text-editor.default\">\n\t\t\t\t<div class=\"elementor-widget-container\">\n\t\t\t\t\t\t\t\t\t<p><strong>Presentazione<\/strong><\/p>\n<p>La storia dell\u2019Archivio di Stato del Vorarlberg \u00e8 legata all\u2019indipendenza del Land. Dal 1861, il Tirolo e il Vorarlberg disponevano di diete e amministrazioni separate. Tuttavia, fino al crollo dell\u2019Austria-Ungheria l\u2019amministrazione statale continu\u00f2 ad essere gestita congiuntamente dall\u2019imperial-regia Luogotenenza per il Tirolo e il Vorarlberg (k.k. Statthalterei f\u00fcr Tirol und Vorarlberg) di Innsbruck. Nel 1898, quando gli archivi delle autorit\u00e0 statali dovettero essere trasferiti a Innsbruck, la Dieta del Vorarlberg reag\u00ec istituendo un Archivio di Stato del Vorarlberg. Nel 1918 un\u2019assemblea provinciale dichiar\u00f2 il Vorarlberg un Land indipendente ed abol\u00ec l\u2019unit\u00e0 amministrativa statale con il Tirolo. Di conseguenza, l\u2019Archivio di Stato del Vorarlberg, secondo il principio della provenienza, pot\u00e9 rilevare gli archivi delle autorit\u00e0 statali prodotti nel Vorarlberg e fino a quel momento concentrati presso lo Statthaltereiarchiv di Innsbruck, nella misura in cui non fossero gi\u00e0 stati precedentemente custoditi a Bregenz. Conseguentemente all\u2019occupazione dell\u2019Austria da parte del Terzo Reich, nel 1939\/40 il Vorarlberg fu unito amministrativamente al Tirolo del Nord sotto forma di Reichsgau Tirol und Vorarlberg. L\u2019amministrazione provinciale del Vorarlberg fu cos\u00ec sciolta, mentre l\u2019archivio del Vorarlberg continu\u00f2 a esistere come \u201csuccursale di Bregenz\u201d del \u201cReichsgauarchiv f\u00fcr Tirol und Vorarlberg\u201d, in seguito \u201cReichsgauarchiv Innsbruck\u201d. Nel 1945, il Vorarlberg liberato pot\u00e9 tornare autonomo.<\/p>\n<p>Il compito principale dell\u2019Archivio di Stato del Vorarlberg era ed \u00e8 quello di conservare e rendere accessibile il materiale archivistico prodotto dal Governo e dalla Dieta del Land, attraverso i loro uffici e organi, quello del Tribunale Amministrativo del Vorarlberg e di altre istituzioni del Paese, e in secondo luogo quello di altri enti regolati dalla legge federale e delle aziende dipendenti dal Governo provinciale. Questa \u201ctradizione locale\u201d inizia nel XVI secolo con la documentazione dei Landst\u00e4nde (ceti regionali componenti la Dieta). Inoltre, l\u2019Archivio custodisce le porzioni pi\u00f9 antiche di archivi comunali, archivi ecclesiastici, archivi di associazioni, societ\u00e0 e privati. Il documento pi\u00f9 antico \u00e8 del 1139 e proviene dall\u2019archivio dell\u2019abbazia di Mehrerau, soppressa nel 1806. L\u2019Archivio di Stato del Vorarlberg custodisce anche i fondi pi\u00f9 antichi delle autorit\u00e0 locali e statali. Rispetto alla Svizzera o alla Germania, l\u2019Austria presenta un numero eccezionalmente elevato di competenze e strutture federali (in particolare il sistema giudiziario, la polizia, le finanze, l\u2019istruzione e la difesa nazionale). \u00c8 responsabilit\u00e0 del governo federale garantire la conservazione degli archivi dei dipartimenti del governo federale nei Bundesl\u00e4nder. Dal 1925 il governo federale non adempie pi\u00f9 a questa incombenza. L\u2019Archivio di Stato del Vorarlberg accetta questo materiale archivistico solo in modo molto limitato. L\u2019Archivio (a fine 2023) possiede oltre 19.000 metri di scaffali di materiale archivistico analogico. Il trasferimento dei documenti archiviati elettronicamente dall\u2019amministrazione del Land dovrebbe iniziare nel 2024.<\/p>\n<p>La conservazione e l\u2019accesso ai documenti archivistici del Land, dei Comuni e ad altri documenti archivistici di interesse pubblico sono regolati dal 2016 da una legge archivistica all\u2019avanguardia. L\u2019Archivio di Stato del Vorarlberg trae da questa legge la propria missione e i propri compiti, al fine di garantire il pi\u00f9 possibile la libert\u00e0 di accesso ai dati. Questo vale anche per la riproduzione e l\u2019impiego di materiale d\u2019archivio accessibile liberamente. Al 2023, l\u2019Archivio risulta rendere disponibile online oltre 1 milione di documenti digitalizzati. Ogni anno se ne aggiungeranno circa 300.000.<\/p>\n<p>Dal 2000, l\u2019Archivio sta realizzando \u2013 su incarico del governo provinciale \u2013 una microfilmatura generale degli archivi del territorio per garantirne la conservazione.<\/p>\n<p>La Biblioteca di Stato del Vorarlberg, istituita nel 1904 come sezione dell\u2019archivio, si \u00e8 resa indipendente nel 1977. L\u2019Archivio gestisce oggigiorno solamente una biblioteca di consultazione (circa 20.000 titoli librari e 179 riviste).<\/p>\n<p>Dal 1904 l\u2019Archivio ha sede in una casa patrizia costruita intorno al 1700 nella Kirchstra\u00dfe di Bregenz, che il Land aveva acquistato nel 1901 come Palazzo provinciale. Fra 1931 e 1932 accanto a questo edificio barocco \u00e8 stato costruito il pi\u00f9 moderno edificio archivistico dell\u2019Austria. Fra il 2001 e il 2003 questo deposito fuori terra \u00e8 stato ristrutturato e ampliato con un deposito interrato climatizzato. Attualmente \u00e8 in corso un\u2019ulteriore espansione delle capacit\u00e0 del deposito.<\/p>\n<p><strong>Fondi archivistici transnazionali<\/strong><\/p>\n<p>Dal 1814 il Vorarlberg confina con Baviera, Tirolo, Grigioni, Liechtenstein e cantone di San Gallo. Attraverso le acque del lago di Costanza, esso \u00e8 inoltre collegato al cantone di San Gallo, a quelli di Turgovia e Sciaffusa, al Baden-W\u00fcrttemberg e alla Baviera. A causa di questa sua posizione, ma anche in forza di relazioni politiche, amministrative, militari, economiche e personali, che vanno ben oltre i Paesi confinanti, i fondi dell\u2019Archivio provinciale del Vorarlberg contengono spesso dati di interesse transfrontaliero e transnazionale. Anche l\u2019Archivio di Stato del Vorarlberg, occasionalmente, acquisisce ed archivia materiale archivistico esterno (cfr. <a href=\"https:\/\/archive-argealp.eu\/it\/guida-allarchivio\/\">Guida agli archivi dell&#8217;ARGE ALP<\/a> (1995), pp. 207-211).<\/p>\n<p>In merito all\u2019ARGE ALP, di fondi transfrontalieri veri e propri si pu\u00f2 tuttavia parlare solo in un caso. Nel 1805, con la pace di Presburgo, le signorie del Vorarlberg furono assegnate alla Baviera. Quando nel 1814 la Baviera restitu\u00ec il Vorarlberg all\u2019Austria, la sua parte settentrionale, che dal 1807 costituiva il distretto giudiziario di Weiler, rimase alla Baviera. Su questo territorio si possono reperire informazioni nei fondi dei Landst\u00e4nde (ceti rappresentati alla Dieta) del Vorarlberg, fra i Bayerische Akten (atti del periodo bavarese), fra quelli del Vogtamt, dell\u2019Oberamt, dell\u2019Ufficio Circolare (Keisamt) di Bregenz e, oltre a ci\u00f2, fra atti relativi all\u2019Algovia (Allg\u00e4uer Akten). Gli archivi del tribunale distrettuale di Weiler e delle comunit\u00e0 a esso soggette non si conservano a Bregenz.<\/p>\n\t\t\t\t\t\t\t\t<\/div>\n\t\t\t\t<\/div>\n\t\t\t\t<\/div>\n\t\t\t\t\t<\/div>\n\t\t\t\t<\/div>\n\t\t\t\t<\/div>\n\t\t","protected":false},"excerpt":{"rendered":"<p>Contatto Kirchstra\u00dfe 28, 6900 Bregenz (Austria) landesarchiv@vorarlberg.at +43 5574 51 45005 www.landesarchiv.at Presentazione La storia dell\u2019Archivio di Stato del Vorarlberg \u00e8 legata all\u2019indipendenza del Land. Dal 1861, il Tirolo e il Vorarlberg disponevano di diete e amministrazioni separate. Tuttavia, fino al crollo dell\u2019Austria-Ungheria l\u2019amministrazione statale continu\u00f2 ad essere gestita congiuntamente dall\u2019imperial-regia Luogotenenza per il Tirolo [&hellip;]<\/p>\n","protected":false},"author":1,"featured_media":1134,"comment_status":"open","ping_status":"open","sticky":false,"template":"","format":"standard","meta":{"footnotes":""},"categories":[10],"tags":[],"class_list":["post-939","post","type-post","status-publish","format-standard","has-post-thumbnail","hentry","category-non-categorizzato"],"_links":{"self":[{"href":"https:\/\/archive-argealp.eu\/it\/wp-json\/wp\/v2\/posts\/939","targetHints":{"allow":["GET"]}}],"collection":[{"href":"https:\/\/archive-argealp.eu\/it\/wp-json\/wp\/v2\/posts"}],"about":[{"href":"https:\/\/archive-argealp.eu\/it\/wp-json\/wp\/v2\/types\/post"}],"author":[{"embeddable":true,"href":"https:\/\/archive-argealp.eu\/it\/wp-json\/wp\/v2\/users\/1"}],"replies":[{"embeddable":true,"href":"https:\/\/archive-argealp.eu\/it\/wp-json\/wp\/v2\/comments?post=939"}],"version-history":[{"count":10,"href":"https:\/\/archive-argealp.eu\/it\/wp-json\/wp\/v2\/posts\/939\/revisions"}],"predecessor-version":[{"id":1552,"href":"https:\/\/archive-argealp.eu\/it\/wp-json\/wp\/v2\/posts\/939\/revisions\/1552"}],"wp:featuredmedia":[{"embeddable":true,"href":"https:\/\/archive-argealp.eu\/it\/wp-json\/wp\/v2\/media\/1134"}],"wp:attachment":[{"href":"https:\/\/archive-argealp.eu\/it\/wp-json\/wp\/v2\/media?parent=939"}],"wp:term":[{"taxonomy":"category","embeddable":true,"href":"https:\/\/archive-argealp.eu\/it\/wp-json\/wp\/v2\/categories?post=939"},{"taxonomy":"post_tag","embeddable":true,"href":"https:\/\/archive-argealp.eu\/it\/wp-json\/wp\/v2\/tags?post=939"}],"curies":[{"name":"wp","href":"https:\/\/api.w.org\/{rel}","templated":true}]}}